{"id":22415,"date":"2021-09-14T16:06:17","date_gmt":"2021-09-14T14:06:17","guid":{"rendered":"https:\/\/sola-poljane.splet.arnes.si\/?p=22415"},"modified":"2021-09-14T16:06:17","modified_gmt":"2021-09-14T14:06:17","slug":"tudi-tretji-razred-do-cerkvice-na-gori","status":"publish","type":"post","link":"https:\/\/sola-poljane.splet.arnes.si\/?p=22415","title":{"rendered":"Tudi tretji razred do cerkvice na Gori"},"content":{"rendered":"<p style=\"text-align: justify\">Ponedeljkovo jutro je obetalo \u0161e en topel son\u010den dan in izkoristili smo ga, kar se da. Podali smo se namre\u010d na prvi \u0161portni dan, <span style=\"color: #ff6600\"><strong>pohod na Goro nad Malenskim Vrhom<\/strong><\/span>.<\/p>\n<p style=\"text-align: justify\">Dan je bil &#8230; preprosto \u010dudovit!<\/p>\n<p>&nbsp;<\/p>\nngg_shortcode_0_placeholder\n","protected":false},"excerpt":{"rendered":"<p>Ponedeljkovo jutro je obetalo \u0161e en topel son\u010den dan in [&hellip;]<\/p>\n","protected":false},"author":56163,"featured_media":22418,"comment_status":"closed","ping_status":"open","sticky":false,"template":"","format":"standard","meta":{"ngg_post_thumbnail":0,"footnotes":""},"categories":[7,55],"tags":[],"class_list":["post-22415","post","type-post","status-publish","format-standard","has-post-thumbnail","hentry","category-dnevi-dejavnosti","category-dogajanje"],"_links":{"self":[{"href":"https:\/\/sola-poljane.splet.arnes.si\/index.php?rest_route=\/wp\/v2\/posts\/22415","targetHints":{"allow":["GET"]}}],"collection":[{"href":"https:\/\/sola-poljane.splet.arnes.si\/index.php?rest_route=\/wp\/v2\/posts"}],"about":[{"href":"https:\/\/sola-poljane.splet.arnes.si\/index.php?rest_route=\/wp\/v2\/types\/post"}],"author":[{"embeddable":true,"href":"https:\/\/sola-poljane.splet.arnes.si\/index.php?rest_route=\/wp\/v2\/users\/56163"}],"replies":[{"embeddable":true,"href":"https:\/\/sola-poljane.splet.arnes.si\/index.php?rest_route=%2Fwp%2Fv2%2Fcomments&post=22415"}],"version-history":[{"count":3,"href":"https:\/\/sola-poljane.splet.arnes.si\/index.php?rest_route=\/wp\/v2\/posts\/22415\/revisions"}],"predecessor-version":[{"id":22419,"href":"https:\/\/sola-poljane.splet.arnes.si\/index.php?rest_route=\/wp\/v2\/posts\/22415\/revisions\/22419"}],"wp:featuredmedia":[{"embeddable":true,"href":"https:\/\/sola-poljane.splet.arnes.si\/index.php?rest_route=\/wp\/v2\/media\/22418"}],"wp:attachment":[{"href":"https:\/\/sola-poljane.splet.arnes.si\/index.php?rest_route=%2Fwp%2Fv2%2Fmedia&parent=22415"}],"wp:term":[{"taxonomy":"category","embeddable":true,"href":"https:\/\/sola-poljane.splet.arnes.si\/index.php?rest_route=%2Fwp%2Fv2%2Fcategories&post=22415"},{"taxonomy":"post_tag","embeddable":true,"href":"https:\/\/sola-poljane.splet.arnes.si\/index.php?rest_route=%2Fwp%2Fv2%2Ftags&post=22415"}],"curies":[{"name":"wp","href":"https:\/\/api.w.org\/{rel}","templated":true}]}}