{"id":22411,"date":"2021-09-13T14:26:36","date_gmt":"2021-09-13T12:26:36","guid":{"rendered":"https:\/\/sola-poljane.splet.arnes.si\/?p=22411"},"modified":"2021-09-13T14:26:36","modified_gmt":"2021-09-13T12:26:36","slug":"drugosolci-ponovno-na-goro-nad-malenskim-vrhom","status":"publish","type":"post","link":"https:\/\/sola-poljane.splet.arnes.si\/?p=22411","title":{"rendered":"Drugo\u0161olci ponovno na Goro nad Malenskim Vrhom"},"content":{"rendered":"<p style=\"text-align: justify\">V petek, 10. 9. 2021, so drugo\u0161olci izvedli <strong><span style=\"color: #ff6600\">prvi \u0161portni dan \u2013 pohod na Goro<\/span><\/strong>. Lepo son\u010dno in toplo vreme je pripomoglo k veselemu razpolo\u017eenju, hoja \u010dez drn in strn pa k prijetni utrujenosti ob zaklju\u010dku pohoda. Ob takem dnevu se ti pogled lahko ustavi na bli\u017enjih in daljnih hribih, na zapu\u0161\u010denem kozolcu ali pa na jesenskih podleskih, skritih v suhi nepoko\u0161eni travi. Skratka, veliko je mo\u017enosti, da se nau\u017eije\u0161 lepot narave, ki nas obdaja. Kljub temu da si bil na Gori \u017ee lansko leto ali predlani, vedno ima\u0161 novo prilo\u017enost videti kaj lepega. Vsekakor tudi malica iz nahrbtnika bolj tekne. Tudi vaje, ki jih vsako leto naredimo v spomin pokojnemu \u0161portnemu novinarju Stanetu Ureku, imajo svoj namen in nenazadnje opravljena je ena izmed nalog za \u0161portno zna\u010dko.<\/p>\n<p><strong><em>Irma \u010cade\u017e<\/em><\/strong><\/p>\n<p>&nbsp;<\/p>\nngg_shortcode_0_placeholder\n","protected":false},"excerpt":{"rendered":"<p>V petek, 10. 9. 2021, so drugo\u0161olci izvedli prvi \u0161portni [&hellip;]<\/p>\n","protected":false},"author":56163,"featured_media":22413,"comment_status":"closed","ping_status":"open","sticky":false,"template":"","format":"standard","meta":{"ngg_post_thumbnail":0,"footnotes":""},"categories":[7,55],"tags":[],"class_list":["post-22411","post","type-post","status-publish","format-standard","has-post-thumbnail","hentry","category-dnevi-dejavnosti","category-dogajanje"],"_links":{"self":[{"href":"https:\/\/sola-poljane.splet.arnes.si\/index.php?rest_route=\/wp\/v2\/posts\/22411","targetHints":{"allow":["GET"]}}],"collection":[{"href":"https:\/\/sola-poljane.splet.arnes.si\/index.php?rest_route=\/wp\/v2\/posts"}],"about":[{"href":"https:\/\/sola-poljane.splet.arnes.si\/index.php?rest_route=\/wp\/v2\/types\/post"}],"author":[{"embeddable":true,"href":"https:\/\/sola-poljane.splet.arnes.si\/index.php?rest_route=\/wp\/v2\/users\/56163"}],"replies":[{"embeddable":true,"href":"https:\/\/sola-poljane.splet.arnes.si\/index.php?rest_route=%2Fwp%2Fv2%2Fcomments&post=22411"}],"version-history":[{"count":2,"href":"https:\/\/sola-poljane.splet.arnes.si\/index.php?rest_route=\/wp\/v2\/posts\/22411\/revisions"}],"predecessor-version":[{"id":22414,"href":"https:\/\/sola-poljane.splet.arnes.si\/index.php?rest_route=\/wp\/v2\/posts\/22411\/revisions\/22414"}],"wp:featuredmedia":[{"embeddable":true,"href":"https:\/\/sola-poljane.splet.arnes.si\/index.php?rest_route=\/wp\/v2\/media\/22413"}],"wp:attachment":[{"href":"https:\/\/sola-poljane.splet.arnes.si\/index.php?rest_route=%2Fwp%2Fv2%2Fmedia&parent=22411"}],"wp:term":[{"taxonomy":"category","embeddable":true,"href":"https:\/\/sola-poljane.splet.arnes.si\/index.php?rest_route=%2Fwp%2Fv2%2Fcategories&post=22411"},{"taxonomy":"post_tag","embeddable":true,"href":"https:\/\/sola-poljane.splet.arnes.si\/index.php?rest_route=%2Fwp%2Fv2%2Ftags&post=22411"}],"curies":[{"name":"wp","href":"https:\/\/api.w.org\/{rel}","templated":true}]}}