{"id":22168,"date":"2021-06-26T14:05:16","date_gmt":"2021-06-26T12:05:16","guid":{"rendered":"http:\/\/sola-poljane.splet.arnes.si\/?p=22168"},"modified":"2021-06-26T14:05:49","modified_gmt":"2021-06-26T12:05:49","slug":"od-rimske-nekropole-do-celja","status":"publish","type":"post","link":"https:\/\/sola-poljane.splet.arnes.si\/?p=22168","title":{"rendered":"Od Rimske nekropole do Celja"},"content":{"rendered":"<p style=\"text-align: justify\">Poljanska dolina se je prebudila v krasno toplo son\u010dno jutro, ko smo se mi, \u00a08. a in 8. b, odpravili <span style=\"color: #0000ff\"><strong>v Celje<\/strong><\/span> na ogled kulturnih znamenitosti. Da smo se izognili jutranji gne\u010di, nas je pot vodila preko Kamnika po stari vijugasti cesti.<br \/>\nNekaj \u010dez deveto uro smo prispeli <span style=\"color: #0000ff\"><strong>v Rimsko nekropolo<\/strong><\/span>. Tukaj je bil \u010das za prvo osve\u017eitev in ogled starih rimskih grobnic. Vodja nekropole nam razlo\u017ei, da so bogati imeli velike grobnice, tisti z manj denarja pa manj\u0161e in enostavnej\u0161e, kar se je lahko tudi o\u010ditno videlo. Po ogledu smo se z avtobusom odpravili naprej do <strong><span style=\"color: #0000ff\">C<\/span><span style=\"color: #0000ff\">eljskega gradu.<\/span><\/strong> Sledil je zelo zanimiv ogled, kjer so neko\u010d \u017eiveli celjski grofje. Velikost gradu nas je kar presenetila, najbolj zanimiv pa je bil stolp, v katerem so \u0161e ohranjene naprave za mu\u010denje ljudi. Sledila je malica in \u0161e ogled celjskega muzeja. Zelo lepo imajo ohranjene lobanje vladarjev, ki so vladali na celjskem gradu. Veliko je tudi njihovih listin, slik in nekaj oklepov. Pod muzejem pa smo videli tudi staro rimsko cesto.<br \/>\nIz hladne muzejske kleti smo pri\u0161li na vro\u010de sonce, ki je mo\u010dno pripekalo in ogrevalo ozra\u010dje preko 30 \u00b0C. Posedli smo se v ohlajen avtobus in se odpeljali proti domu.<\/p>\n<p><em><strong>Miha Dolenc, 8. a<\/strong> (tudi avtor fotografij)<\/em><\/p>\n<p>&nbsp;<\/p>\nngg_shortcode_0_placeholder\n","protected":false},"excerpt":{"rendered":"<p>Poljanska dolina se je prebudila v krasno toplo son\u010dno jutro, [&hellip;]<\/p>\n","protected":false},"author":56163,"featured_media":22171,"comment_status":"closed","ping_status":"open","sticky":false,"template":"","format":"standard","meta":{"ngg_post_thumbnail":0,"footnotes":""},"categories":[15,55],"tags":[],"class_list":["post-22168","post","type-post","status-publish","format-standard","has-post-thumbnail","hentry","category-dnevi-dejavnosti-2-triada","category-dogajanje"],"_links":{"self":[{"href":"https:\/\/sola-poljane.splet.arnes.si\/index.php?rest_route=\/wp\/v2\/posts\/22168","targetHints":{"allow":["GET"]}}],"collection":[{"href":"https:\/\/sola-poljane.splet.arnes.si\/index.php?rest_route=\/wp\/v2\/posts"}],"about":[{"href":"https:\/\/sola-poljane.splet.arnes.si\/index.php?rest_route=\/wp\/v2\/types\/post"}],"author":[{"embeddable":true,"href":"https:\/\/sola-poljane.splet.arnes.si\/index.php?rest_route=\/wp\/v2\/users\/56163"}],"replies":[{"embeddable":true,"href":"https:\/\/sola-poljane.splet.arnes.si\/index.php?rest_route=%2Fwp%2Fv2%2Fcomments&post=22168"}],"version-history":[{"count":4,"href":"https:\/\/sola-poljane.splet.arnes.si\/index.php?rest_route=\/wp\/v2\/posts\/22168\/revisions"}],"predecessor-version":[{"id":22173,"href":"https:\/\/sola-poljane.splet.arnes.si\/index.php?rest_route=\/wp\/v2\/posts\/22168\/revisions\/22173"}],"wp:featuredmedia":[{"embeddable":true,"href":"https:\/\/sola-poljane.splet.arnes.si\/index.php?rest_route=\/wp\/v2\/media\/22171"}],"wp:attachment":[{"href":"https:\/\/sola-poljane.splet.arnes.si\/index.php?rest_route=%2Fwp%2Fv2%2Fmedia&parent=22168"}],"wp:term":[{"taxonomy":"category","embeddable":true,"href":"https:\/\/sola-poljane.splet.arnes.si\/index.php?rest_route=%2Fwp%2Fv2%2Fcategories&post=22168"},{"taxonomy":"post_tag","embeddable":true,"href":"https:\/\/sola-poljane.splet.arnes.si\/index.php?rest_route=%2Fwp%2Fv2%2Ftags&post=22168"}],"curies":[{"name":"wp","href":"https:\/\/api.w.org\/{rel}","templated":true}]}}