{"id":22092,"date":"2021-06-18T16:50:04","date_gmt":"2021-06-18T14:50:04","guid":{"rendered":"http:\/\/sola-poljane.splet.arnes.si\/?p=22092"},"modified":"2021-06-19T08:20:20","modified_gmt":"2021-06-19T06:20:20","slug":"22092","status":"publish","type":"post","link":"https:\/\/sola-poljane.splet.arnes.si\/?p=22092","title":{"rendered":"Tretje\u0161olci na Brda"},"content":{"rendered":"<p style=\"text-align: justify\">V \u010detrtek, 17. junija, smo se tretje\u0161olci odpravili na \u0161portni dan. Ker u\u010denci v drugem razredu zaradi epidemije niso \u0161li na Brda, smo se odpravili letos. Bil je \u010dudovit son\u010den dan in pot po gozdu je dan \u0161e polep\u0161ala. Med potjo smo ob\u010dudovali naravo, ki je v tem letnem \u010dasu zares o\u010darljiva.<br \/>\nPolni lepih vtisov in ne preve\u010d utrujeni smo se vrnili v \u0161olo.<\/p>\n<p style=\"text-align: justify\"><em><strong>Katja \u0160temberger<\/strong><\/em><\/p>\n<p>&nbsp;<\/p>\nngg_shortcode_0_placeholder\n<p>&nbsp;<\/p>\n","protected":false},"excerpt":{"rendered":"<p>V \u010detrtek, 17. junija, smo se tretje\u0161olci odpravili na \u0161portni [&hellip;]<\/p>\n","protected":false},"author":56163,"featured_media":22100,"comment_status":"closed","ping_status":"open","sticky":false,"template":"","format":"standard","meta":{"ngg_post_thumbnail":0,"footnotes":""},"categories":[33,7,55],"tags":[],"class_list":["post-22092","post","type-post","status-publish","format-standard","has-post-thumbnail","hentry","category-1-triletje","category-dnevi-dejavnosti","category-dogajanje"],"_links":{"self":[{"href":"https:\/\/sola-poljane.splet.arnes.si\/index.php?rest_route=\/wp\/v2\/posts\/22092","targetHints":{"allow":["GET"]}}],"collection":[{"href":"https:\/\/sola-poljane.splet.arnes.si\/index.php?rest_route=\/wp\/v2\/posts"}],"about":[{"href":"https:\/\/sola-poljane.splet.arnes.si\/index.php?rest_route=\/wp\/v2\/types\/post"}],"author":[{"embeddable":true,"href":"https:\/\/sola-poljane.splet.arnes.si\/index.php?rest_route=\/wp\/v2\/users\/56163"}],"replies":[{"embeddable":true,"href":"https:\/\/sola-poljane.splet.arnes.si\/index.php?rest_route=%2Fwp%2Fv2%2Fcomments&post=22092"}],"version-history":[{"count":9,"href":"https:\/\/sola-poljane.splet.arnes.si\/index.php?rest_route=\/wp\/v2\/posts\/22092\/revisions"}],"predecessor-version":[{"id":22102,"href":"https:\/\/sola-poljane.splet.arnes.si\/index.php?rest_route=\/wp\/v2\/posts\/22092\/revisions\/22102"}],"wp:featuredmedia":[{"embeddable":true,"href":"https:\/\/sola-poljane.splet.arnes.si\/index.php?rest_route=\/wp\/v2\/media\/22100"}],"wp:attachment":[{"href":"https:\/\/sola-poljane.splet.arnes.si\/index.php?rest_route=%2Fwp%2Fv2%2Fmedia&parent=22092"}],"wp:term":[{"taxonomy":"category","embeddable":true,"href":"https:\/\/sola-poljane.splet.arnes.si\/index.php?rest_route=%2Fwp%2Fv2%2Fcategories&post=22092"},{"taxonomy":"post_tag","embeddable":true,"href":"https:\/\/sola-poljane.splet.arnes.si\/index.php?rest_route=%2Fwp%2Fv2%2Ftags&post=22092"}],"curies":[{"name":"wp","href":"https:\/\/api.w.org\/{rel}","templated":true}]}}