{"id":22006,"date":"2021-06-11T20:02:21","date_gmt":"2021-06-11T18:02:21","guid":{"rendered":"http:\/\/sola-poljane.splet.arnes.si\/?p=22006"},"modified":"2021-06-11T20:03:01","modified_gmt":"2021-06-11T18:03:01","slug":"tik-pred-zakljuckom-ekskurzija-devetosolcev","status":"publish","type":"post","link":"https:\/\/sola-poljane.splet.arnes.si\/?p=22006","title":{"rendered":"Tik pred valeto \u0161e ekskurzija deveto\u0161olcev"},"content":{"rendered":"<p style=\"text-align: justify\">Na\u0161i deveto\u0161olci so tik pred koncem \u0161olanja v O\u0160 Poljane le do\u010dakali nekaj spro\u0161\u010denega dru\u017eenja izven \u0161olskih prostorov.<br \/>\nPodali so se na severno Primorsko. <strong><span style=\"color: #ff6600\">V Kobari\u0161kem muzeju<\/span><\/strong> so obnovili svoje znanje o poteku, grozotah in pomenu prve svetovne vojne, v soteski v Dolenjih Novakih pa so se povzpeli <strong><span style=\"color: #ff6600\">do Partizanske bolnice Franje<\/span><\/strong> in se prepri\u010dali, da je to enkraten spomenik \u010dlove\u010dnosti, tovari\u0161tva in solidarnosti iz druge svetovne vojne.<\/p>\n<p style=\"text-align: justify\">Vo\u017enje je bilo kar precej, vendar je bilo seveda tudi v avtobusu zanimivo in zabavno. In kljub te\u017ekim zgodovinskim temam je bil dan lep, prijeten in pou\u010den.<\/p>\n<p>&nbsp;<\/p>\nngg_shortcode_0_placeholder\n","protected":false},"excerpt":{"rendered":"<p>Na\u0161i deveto\u0161olci so tik pred koncem \u0161olanja v O\u0160 Poljane [&hellip;]<\/p>\n","protected":false},"author":56163,"featured_media":22015,"comment_status":"closed","ping_status":"open","sticky":false,"template":"","format":"standard","meta":{"ngg_post_thumbnail":0,"footnotes":""},"categories":[15,55],"tags":[],"class_list":["post-22006","post","type-post","status-publish","format-standard","has-post-thumbnail","hentry","category-dnevi-dejavnosti-2-triada","category-dogajanje"],"_links":{"self":[{"href":"https:\/\/sola-poljane.splet.arnes.si\/index.php?rest_route=\/wp\/v2\/posts\/22006","targetHints":{"allow":["GET"]}}],"collection":[{"href":"https:\/\/sola-poljane.splet.arnes.si\/index.php?rest_route=\/wp\/v2\/posts"}],"about":[{"href":"https:\/\/sola-poljane.splet.arnes.si\/index.php?rest_route=\/wp\/v2\/types\/post"}],"author":[{"embeddable":true,"href":"https:\/\/sola-poljane.splet.arnes.si\/index.php?rest_route=\/wp\/v2\/users\/56163"}],"replies":[{"embeddable":true,"href":"https:\/\/sola-poljane.splet.arnes.si\/index.php?rest_route=%2Fwp%2Fv2%2Fcomments&post=22006"}],"version-history":[{"count":4,"href":"https:\/\/sola-poljane.splet.arnes.si\/index.php?rest_route=\/wp\/v2\/posts\/22006\/revisions"}],"predecessor-version":[{"id":22023,"href":"https:\/\/sola-poljane.splet.arnes.si\/index.php?rest_route=\/wp\/v2\/posts\/22006\/revisions\/22023"}],"wp:featuredmedia":[{"embeddable":true,"href":"https:\/\/sola-poljane.splet.arnes.si\/index.php?rest_route=\/wp\/v2\/media\/22015"}],"wp:attachment":[{"href":"https:\/\/sola-poljane.splet.arnes.si\/index.php?rest_route=%2Fwp%2Fv2%2Fmedia&parent=22006"}],"wp:term":[{"taxonomy":"category","embeddable":true,"href":"https:\/\/sola-poljane.splet.arnes.si\/index.php?rest_route=%2Fwp%2Fv2%2Fcategories&post=22006"},{"taxonomy":"post_tag","embeddable":true,"href":"https:\/\/sola-poljane.splet.arnes.si\/index.php?rest_route=%2Fwp%2Fv2%2Ftags&post=22006"}],"curies":[{"name":"wp","href":"https:\/\/api.w.org\/{rel}","templated":true}]}}