{"id":21923,"date":"2021-06-08T10:06:25","date_gmt":"2021-06-08T08:06:25","guid":{"rendered":"http:\/\/sola-poljane.splet.arnes.si\/?p=21923"},"modified":"2021-06-11T21:23:41","modified_gmt":"2021-06-11T19:23:41","slug":"zakljucek-bralne-znacke-letos-precej-drugacen","status":"publish","type":"post","link":"https:\/\/sola-poljane.splet.arnes.si\/?p=21923","title":{"rendered":"Zaklju\u010dek bralne zna\u010dke letos precej druga\u010den"},"content":{"rendered":"<p style=\"text-align: justify\">Kljub vsem &#8216;korona&#8217; ukrepom <strong>so u\u010denci tudi v tem \u0161olskem letu brali za <span style=\"color: #ff6600\">bralno zna\u010dko<\/span><\/strong>. V \u010dasu, ko so se \u0161olali od doma, so lahko naro\u010dili knjige, ki so jih po\u010dakale kar ob vhodu v \u0161olo. Na\u0161e u\u010diteljice mentorice so iznajdljive in so na\u0161le ve\u010d na\u010dinov, po katerih smo jim posredovali vsebino knjig. Ko smo se vrnili v \u0161olo, so otroci knji\u017enico obiskovali po urniku, tako da je bil v knji\u017enici vsako uro drug oddelek. Niso smeli brskati med knjigami na policah, ampak so jih \u010dakale razstavljene na mizah. Knji\u017eni\u010darki se je izbira posre\u010dila enkrat bolj, drugi\u010d manj. Ne boste verjeli, ampak izposoja je bila ve\u010dja kot v &#8216;obi\u010dajnih&#8217; \u010dasih.<br \/>\nSe je pa zataknilo pri zaklju\u010dku. <span style=\"color: #3366ff\">V \u0161olo nismo mogli povabiti avtorja<\/span>, ki bi mladim bralcem na zanimiv na\u010din predstavil svoje ustvarjanje in nas za branje \u0161e bolj navdu\u0161il. Re\u0161itev smo na\u0161li <span style=\"color: #3366ff\">v ZOOM<\/span> sre\u010danju, ki sicer ni primerljivo s sre\u010danjem v \u017eivo, a so se \u0161esto\u0161olci in sedmo\u0161olci\u00a0 kljub temu nasmejali prigodam <strong><span style=\"color: #3366ff\">Primo\u017ea Suhodol\u010dana<\/span><\/strong>, deveto\u0161olci pa sli\u0161ali marsikatero modrost <strong><span style=\"color: #3366ff\">Petra Svetine<\/span><\/strong>.<br \/>\nMlaj\u0161i u\u010denci so zaklju\u010dili bralno zna\u010dko kar s \u0161olsko knji\u017eni\u010darko, ki jim je predstavila precej novosti na knji\u017enih policah in prebrala zgodbico o zanimivih \u017eivalskih izku\u0161njah z zobozdravniki. Na koncu so se \u0161e sami preizkusili kot avtorji <span style=\"color: #3366ff\">ilustracij po svojih domislicah z \u017eivalmi<\/span>.<\/p>\n<p style=\"text-align: justify\"><span style=\"color: #ff6600\"><strong>Sklenili smo z mislijo in \u017eeljo, da knjiga in branje ostaneta z nami tudi po zaklju\u010dku bralne zna\u010dke.<\/strong><\/span><\/p>\n<p><strong><em>Majda Bernik, knji\u017eni\u010darka<\/em><\/strong><\/p>\n<p><span style=\"color: #0000ff\">***************************<\/span><\/p>\n<p><strong><span style=\"color: #ff6600\">Kak\u0161en se je leto\u0161nji zaklju\u010dek zdel mladim bralcem &#8230;<\/span><\/strong><\/p>\n<p>Najprej bi se vam radi zahvalili, da ste bili pripravljeni organizirati leto\u0161nji zaklju\u010dek bralne zna\u010dke.<br \/>\nLetos je bil zaklju\u010dek malce druga\u010den, a vseeno zelo zanimiv. Najbolj nam je bilo v\u0161e\u010d, ko smo na posnetku gledali pisatelja, ki je bil zelo dobro predstavljen.<br \/>\nV\u0161e\u010d nam je bila tudi predstavitev novih knjig.<br \/>\nZaklju\u010dek se je razlikoval v tem, da je prej\u0161nja leta pri\u0161el pisatelj ali pesnik.<br \/>\nHvala, ker ste si vzeli \u010das za nas.<br \/>\n<strong><em>Janja Bon\u010da in Anamarija Jur\u010di\u010d, 5. b<\/em><\/strong><\/p>\n<p><span style=\"color: #0000ff\">***************************<br \/>\n<\/span>Meni se je zdel zaklju\u010dek bralne zna\u010dke bolj\u0161i prej\u0161nja leta. Takrat so pri\u0161li zabavni pisatelji in zaigrali igro. Vanjo so vklju\u010dili gledalce. Ti &#8221;gledali\u0161ki igralci&#8221; tega niso vedeli, zato so se odzvali zabavno.<br \/>\nLetos mi je bilo v\u0161e\u010d, ko smo poslu\u0161ali pisatelja na posnetku, ko smo imeli naloge po skupinah. Lepo je bilo poslu\u0161ati pravljico.<br \/>\nVse mi je bilo v\u0161e\u010d, a mi je bilo bolj v\u0161e\u010d pred covidom 19, ker se mi je zdelo bolj zabavno.<br \/>\nVeseli me, da ste kljub virusu uspeli organizirati zaklju\u010dek bralne zna\u010dke. \u010ceprav na druga\u010den na\u010din, je bil zaklju\u010dek zanimiv.<br \/>\n<em><strong>Veronika Pisk, 5. b<br \/>\n<\/strong><\/em><span style=\"color: #0000ff\">***************************<br \/>\n<\/span>Zaklju\u010dek bralne zna\u010dke je bil letos pravi izziv, saj nam je koronavirus vse pokvaril. Namesto da bi na na\u0161o \u0161olo pri\u0161el pisatelj ali pesnik, smo bili eno uro v knji\u017enici in poslu\u0161ali knji\u017eni\u010darko. Bilo je zelo zanimivo, ampak bi bilo bolje, \u010de bi lahko spoznala kak\u0161nega pisatelja ali pesnika.<br \/>\nTa dan mi bo kljub temu ostal v spominu.<br \/>\n<em><strong>Liza Strel, 5. b<\/strong><\/em><br \/>\n<span style=\"color: #0000ff\">***************************<br \/>\n<\/span>Nastop pisatelja Primo\u017ea Suhodol\u010dana preko zooma se mi je zdel zelo zanimiv. Bil je tudi sme\u0161en zaradi na\u010dina pisateljevega govora.<br \/>\nImel sem se lepo.<br \/>\n<em><strong>\u017dan Bo\u017enar, 6. a<\/strong><\/em><br \/>\n<span style=\"color: #0000ff\">***************************<br \/>\n<\/span><em><strong>Spo\u0161tovani gospod Suhodol\u010dan!<br \/>\n<\/strong><\/em>Va\u0161a predstavitev je bila zelo zanimiva. V O\u0160 Poljane smo se vsi, ki smo naredili bralno zna\u010dko in ki smo bili na dogodku, smejali va\u0161im sme\u0161nim resni\u010dnim dogodiv\u0161\u010dinam. Po mojem mnenju ste bili vi najbolj sme\u0161ni od vseh, ki so se predstavili. Najbolj sme\u0161na se mi je zdela zgodba, ko ste se vozili s kolesom.<br \/>\nHvala, ker ste me spodbudili k branju stripov in knjig.<br \/>\nZelo rad bi vas videl v \u017eivo. Rad bi vas spoznal in sli\u0161al govoriti va\u0161e zgodbe.<br \/>\n<em><strong>\u0110or\u0111e Devi\u0107, 6. a<\/strong><\/em><\/p>\n<p><span style=\"color: #0000ff\">***************************<\/span><\/p>\n<p>&nbsp;<\/p>\n<p>&nbsp;<\/p>\nngg_shortcode_0_placeholder\n<p>&nbsp;<\/p>\n<p><span style=\"color: #ff6600\"><strong>Bralna zna\u010dka nam je dala \u2026<\/strong><\/span><\/p>\n<p>Bralna zna\u010dka je bila zanimiva. Najbolj v\u0161e\u010d mi je bila knjiga Mali medo. V\u0161e\u010d mi je bila tudi knjiga o zobozdravnikih, ki nam jo je prebrala knji\u017eni\u010darka.<br \/>\nZdaj znam bolje brati. Rada berem.<br \/>\n<em><strong>Tina Bo\u017enar, 3. b<br \/>\n<\/strong><\/em><span style=\"color: #0000ff\">***************************<br \/>\n<\/span>Z veseljem sem delala bralno zna\u010dko. V\u0161e\u010d mi je bila, ker sem morala narisati in napisati obnovo knjige. Bralno zna\u010dko sem opravila pravo\u010dasno. Zaklju\u010dek mi je bil zelo v\u0161e\u010d.<br \/>\n<em><strong>Anita Dem\u0161ar, 3. a<br \/>\n<\/strong><\/em><span style=\"color: #0000ff\">***************************<br \/>\n<\/span>Ko sem delala bralno zna\u010dko, sem se po\u010dutila odli\u010dno, \u010deprav me je ati ve\u010dkrat posnel. Vesela sem, da sem prva opravila bralno zna\u010dko.<br \/>\nZaklju\u010dek mi je bil zelo v\u0161e\u010d. Kar smejala sem se zraven. Pet prebranih knjig za bralno zna\u010dko je bilo ravno prav. Iz knjig sem tudi prerisovala.<br \/>\n<strong><em><span style=\"color: #000000\">Sara Oblak, 3. a<br \/>\n<\/span><\/em><\/strong><span style=\"color: #0000ff\">***************************<br \/>\n<\/span>Ko sem za bralno zna\u010dko povedala prvo knjigo, sem se po\u010dutila zelo dobro, saj sem prebrala debelo knjigo. Bralno zna\u010dko sem opravila ena od prvih. Ko sem jo delala doma, me je mami posnela in posnetek poslala u\u010diteljici. Na koncu sem eno knjigo povedala pred celim razredom. Pet knjig sem prebrala in vse so mi bile zelo v\u0161e\u010d.<br \/>\n<em><strong>Ma\u0161a Bo\u017enar, 3. a<br \/>\n<\/strong><\/em><span style=\"color: #0000ff\">***************************<br \/>\n<\/span>Ko sem pisala bralno zna\u010dko, sem prerisala risbo na platnici. Prva knjiga je bila Skrivnih sedem, ko sem imela zvito roko. Za bralno zna\u010dko je bilo ravno dovolj \u010dasa. Po opravljeni bralni zna\u010dki sem za\u010dela brati knjigo s 350 stranmi.<br \/>\n<em><strong>Meta Dolenc, 3. a<br \/>\n<\/strong><\/em><span style=\"color: #0000ff\">***************************<br \/>\n<\/span>Bralna zna\u010dka v tem letu je bila zabavna, a tudi dolgo\u010dasna. Kljub temu mi je bila v\u0161e\u010d. Bila sem vesela, ko sem jo opravila. Upam, da bo v 4. razredu malo la\u017eja, ker ne maram pisati obnove.<br \/>\n<strong>Ajna Smajukovi\u0107, 3. b<br \/>\n<\/strong><span style=\"color: #0000ff\">***************************<br \/>\n<\/span>Jaz na \u017ealost nisem opravil bralne zna\u010dke. Ampak sem imel bralne zna\u010dke napisane\u00a0 v zvezku, samo pozabil sem na to.<br \/>\nV\u010deraj pa sem uspel na svojem nastopu, saj igram klarinet. Potem me je mami peljala na Visoko in tam sem dobil mafin.<br \/>\n<em><strong>Samo Frlan, 3. a<\/strong><\/em><\/p>\n<p>&nbsp;<\/p>\n<p><span style=\"color: #ff6600\"><strong>Branje vzpodbuja otro\u0161ko domi\u0161ljijo<\/strong><\/span><\/p>\n<p>U\u010denci so poslu\u0161ali zgodbico Ivana Mitrevskega: <strong>Kdo se boji zobozdravnika?<\/strong> S svojimi ilustracijami so prikazali, kako zanimivi so \u017eivalski obiski zobozdravnika<\/p>\nngg_shortcode_1_placeholder\n<p>&nbsp;<\/p>\n<p><strong><span style=\"color: #ff6600\">Vse risbice so takole zbrane na zgornjem \u0161olskem hodniku.<\/span><\/strong><\/p>\n<p><a href=\"http:\/\/sola-poljane.splet.arnes.si\/files\/2021\/06\/Panorama_1a.jpg\"><img loading=\"lazy\" decoding=\"async\" class=\"alignnone wp-image-21985\" src=\"http:\/\/sola-poljane.splet.arnes.si\/files\/2021\/06\/Panorama_1a.jpg\" alt=\"\" width=\"864\" height=\"232\" srcset=\"https:\/\/sola-poljane.splet.arnes.si\/files\/2021\/06\/Panorama_1a.jpg 1200w, https:\/\/sola-poljane.splet.arnes.si\/files\/2021\/06\/Panorama_1a-300x81.jpg 300w, https:\/\/sola-poljane.splet.arnes.si\/files\/2021\/06\/Panorama_1a-1024x275.jpg 1024w, https:\/\/sola-poljane.splet.arnes.si\/files\/2021\/06\/Panorama_1a-768x206.jpg 768w, https:\/\/sola-poljane.splet.arnes.si\/files\/2021\/06\/Panorama_1a-205x55.jpg 205w, https:\/\/sola-poljane.splet.arnes.si\/files\/2021\/06\/Panorama_1a-947x254.jpg 947w, https:\/\/sola-poljane.splet.arnes.si\/files\/2021\/06\/Panorama_1a-624x167.jpg 624w\" sizes=\"auto, (max-width: 864px) 100vw, 864px\" \/><\/a><\/p>\n","protected":false},"excerpt":{"rendered":"<p>Kljub vsem &#8216;korona&#8217; ukrepom so u\u010denci tudi v tem \u0161olskem [&hellip;]<\/p>\n","protected":false},"author":56163,"featured_media":21927,"comment_status":"closed","ping_status":"open","sticky":false,"template":"","format":"standard","meta":{"ngg_post_thumbnail":0,"footnotes":""},"categories":[33,35,39,55],"tags":[],"class_list":["post-21923","post","type-post","status-publish","format-standard","has-post-thumbnail","hentry","category-1-triletje","category-2-triletje","category-3-triletje","category-dogajanje"],"_links":{"self":[{"href":"https:\/\/sola-poljane.splet.arnes.si\/index.php?rest_route=\/wp\/v2\/posts\/21923","targetHints":{"allow":["GET"]}}],"collection":[{"href":"https:\/\/sola-poljane.splet.arnes.si\/index.php?rest_route=\/wp\/v2\/posts"}],"about":[{"href":"https:\/\/sola-poljane.splet.arnes.si\/index.php?rest_route=\/wp\/v2\/types\/post"}],"author":[{"embeddable":true,"href":"https:\/\/sola-poljane.splet.arnes.si\/index.php?rest_route=\/wp\/v2\/users\/56163"}],"replies":[{"embeddable":true,"href":"https:\/\/sola-poljane.splet.arnes.si\/index.php?rest_route=%2Fwp%2Fv2%2Fcomments&post=21923"}],"version-history":[{"count":8,"href":"https:\/\/sola-poljane.splet.arnes.si\/index.php?rest_route=\/wp\/v2\/posts\/21923\/revisions"}],"predecessor-version":[{"id":22024,"href":"https:\/\/sola-poljane.splet.arnes.si\/index.php?rest_route=\/wp\/v2\/posts\/21923\/revisions\/22024"}],"wp:featuredmedia":[{"embeddable":true,"href":"https:\/\/sola-poljane.splet.arnes.si\/index.php?rest_route=\/wp\/v2\/media\/21927"}],"wp:attachment":[{"href":"https:\/\/sola-poljane.splet.arnes.si\/index.php?rest_route=%2Fwp%2Fv2%2Fmedia&parent=21923"}],"wp:term":[{"taxonomy":"category","embeddable":true,"href":"https:\/\/sola-poljane.splet.arnes.si\/index.php?rest_route=%2Fwp%2Fv2%2Fcategories&post=21923"},{"taxonomy":"post_tag","embeddable":true,"href":"https:\/\/sola-poljane.splet.arnes.si\/index.php?rest_route=%2Fwp%2Fv2%2Ftags&post=21923"}],"curies":[{"name":"wp","href":"https:\/\/api.w.org\/{rel}","templated":true}]}}