{"id":21847,"date":"2021-05-24T17:14:04","date_gmt":"2021-05-24T15:14:04","guid":{"rendered":"http:\/\/sola-poljane.splet.arnes.si\/?p=21847"},"modified":"2021-05-27T22:28:20","modified_gmt":"2021-05-27T20:28:20","slug":"zivalski-vrt-za-7-razred-ne-na-daljavo-koncno-v-zivo","status":"publish","type":"post","link":"https:\/\/sola-poljane.splet.arnes.si\/?p=21847","title":{"rendered":"\u017divalski vrt za 7. razred \u2013 ne ve\u010d na daljavo, kon\u010dno v \u017eivo!"},"content":{"rendered":"<p style=\"text-align: justify\">Naravoslovni dan smo pri\u010deli s stikom z dvema \u017eivalma. Najprej z madagaskarskim \u0161\u010durkom, ki si ga nisem upala pobo\u017eati, nato pa \u0161e z ameri\u0161kim sivim go\u017eem, ki sem si ga dala tudi okoli vratu. Nato smo pomalicali in se odpravili po \u017eivalskem vrtu naprej. Najbolj zanimivi so mi bili volkovi, saj je bilo \u0161e nekaj mladi\u010dkov, ki so tekali okoli samice in se igrali.<br \/>\nZelo sem se imela lepo in iz ogleda sem se tudi nau\u010dila marsikaj novega o \u017eivalih v \u017eivalskem vrtu.<\/p>\n<p style=\"text-align: justify\"><em><strong>Tara Kos, 7. a<\/strong><\/em><\/p>\n<p style=\"text-align: justify\">Dana\u0161nji dan mi je bil zelo v\u0161e\u010d. Najbolj v\u0161e\u010d so mi bili mali volkci ali pa nastop morskega leva. Vesela sem bila tudi, ker smo imeli prilo\u017enost dr\u017eati ka\u010do in madagaskarskega \u0161\u010durka. Nisem si mislila, da bomo lahko videli toliko \u017eivali. Naravoslovni dan bi sigurno \u0161e kdaj ponovila.<\/p>\n<p style=\"text-align: justify\"><em><strong>Julija Strel, 7. a<\/strong><\/em><\/p>\n<p style=\"text-align: justify\">V \u010detrtek, 20. 5. 2021, smo sedmo\u0161olci od\u0161li v \u017eivalski vrt. Izvedeli smo veliko o \u017eivalih in se nekaterih tudi dotaknili, videli smo tudi mnoge \u017eivali, ki jih prej nismo poznali.<\/p>\n<p style=\"text-align: justify\"><em><strong>Eva Str\u017einar, 7. b\u00a0<\/strong><\/em><\/p>\n<p style=\"text-align: justify\">Zjutraj smo se vsi zbrali in vzeli malico, potem smo se z avtobusom odpeljali v Ljubljano. U\u010denci 7. a, smo najprej imeli stik z \u017eivo \u017eivaljo, 7. b pa je \u0161el na ogled \u017eivalskega vrta. Po malici smo se zamenjali. Po ogledu smo se z avtobusom vrnili nazaj v Poljane in s tem se je na\u0161 naravoslovni dan zaklju\u010dil.<\/p>\n<p><em><strong>Manca Cankar, 7. a<\/strong><\/em><\/p>\n<p>&nbsp;<\/p>\nngg_shortcode_0_placeholder\nngg_shortcode_1_placeholder\n<p>&nbsp;<\/p>\n<p><strong><span style=\"color: #ff6600\">\u0160e nekaj \u017eivali OD BLIZU\u00a0<\/span><\/strong><\/p>\nngg_shortcode_2_placeholder\n","protected":false},"excerpt":{"rendered":"<p>Naravoslovni dan smo pri\u010deli s stikom z dvema \u017eivalma. Najprej [&hellip;]<\/p>\n","protected":false},"author":56163,"featured_media":21869,"comment_status":"closed","ping_status":"open","sticky":false,"template":"","format":"standard","meta":{"ngg_post_thumbnail":0,"footnotes":""},"categories":[15,55],"tags":[],"class_list":["post-21847","post","type-post","status-publish","format-standard","has-post-thumbnail","hentry","category-dnevi-dejavnosti-2-triada","category-dogajanje"],"_links":{"self":[{"href":"https:\/\/sola-poljane.splet.arnes.si\/index.php?rest_route=\/wp\/v2\/posts\/21847","targetHints":{"allow":["GET"]}}],"collection":[{"href":"https:\/\/sola-poljane.splet.arnes.si\/index.php?rest_route=\/wp\/v2\/posts"}],"about":[{"href":"https:\/\/sola-poljane.splet.arnes.si\/index.php?rest_route=\/wp\/v2\/types\/post"}],"author":[{"embeddable":true,"href":"https:\/\/sola-poljane.splet.arnes.si\/index.php?rest_route=\/wp\/v2\/users\/56163"}],"replies":[{"embeddable":true,"href":"https:\/\/sola-poljane.splet.arnes.si\/index.php?rest_route=%2Fwp%2Fv2%2Fcomments&post=21847"}],"version-history":[{"count":8,"href":"https:\/\/sola-poljane.splet.arnes.si\/index.php?rest_route=\/wp\/v2\/posts\/21847\/revisions"}],"predecessor-version":[{"id":21871,"href":"https:\/\/sola-poljane.splet.arnes.si\/index.php?rest_route=\/wp\/v2\/posts\/21847\/revisions\/21871"}],"wp:featuredmedia":[{"embeddable":true,"href":"https:\/\/sola-poljane.splet.arnes.si\/index.php?rest_route=\/wp\/v2\/media\/21869"}],"wp:attachment":[{"href":"https:\/\/sola-poljane.splet.arnes.si\/index.php?rest_route=%2Fwp%2Fv2%2Fmedia&parent=21847"}],"wp:term":[{"taxonomy":"category","embeddable":true,"href":"https:\/\/sola-poljane.splet.arnes.si\/index.php?rest_route=%2Fwp%2Fv2%2Fcategories&post=21847"},{"taxonomy":"post_tag","embeddable":true,"href":"https:\/\/sola-poljane.splet.arnes.si\/index.php?rest_route=%2Fwp%2Fv2%2Ftags&post=21847"}],"curies":[{"name":"wp","href":"https:\/\/api.w.org\/{rel}","templated":true}]}}