{"id":21746,"date":"2021-05-08T21:58:04","date_gmt":"2021-05-08T19:58:04","guid":{"rendered":"http:\/\/sola-poljane.splet.arnes.si\/?p=21746"},"modified":"2021-05-10T23:19:07","modified_gmt":"2021-05-10T21:19:07","slug":"drugacnost-odrinjenost-predsodki","status":"publish","type":"post","link":"https:\/\/sola-poljane.splet.arnes.si\/?p=21746","title":{"rendered":"Druga\u010dnost, odrinjenost, predsodki &#8230;"},"content":{"rendered":"<p style=\"text-align: justify\"><strong>Deveto\u0161olci so na kulturnem dnevu spoznavali t. i. <span style=\"color: #3366ff\">marginalne dru\u017ebene skupine<\/span> \u2013 ljudi, ki jih ve\u010dinska dru\u017eba odriva na rob, jih ne razume in ima o njih polno predsodkov.\u00a0<\/strong><\/p>\n<p style=\"text-align: justify\">Najprej so si ogledali <span style=\"color: #ff6600\"><strong>slovenski film \u0160anghaj<\/strong><\/span>, ki prikazuje \u017eivljenje treh generacij Romov v 2. polovici prej\u0161njega stoletja. Tema tega filma pa ni samo to \u2013 gre tudi za <em><span style=\"color: #ff6600\">sprejemanje <\/span><span style=\"color: #ff6600\"><em>drug<\/em>a\u010dnosti, strpnost, dru\u017einske odnose, vlogo \u017eensk, kriminal, odvisnost.\u00a0<\/span><\/em><br \/>\nFilm je bil izto\u010dnica za spoznavanje skupin ljudi, ki pogosto niso povsem enakopravno sprejete v dru\u017ebo: <span style=\"color: #3366ff\"><em>Romov, brezposelnih, brezdomcev, invalidov, revnih, tujcev, starej\u0161ih, du\u0161evnih bolnikov in odvisnikov.<\/em><\/span> Prav tako so deveto\u0161olci razmi\u0161ljali o vzrokih za te\u017eave, ki jih imajo posamezne skupine, o posledicah in o pomo\u010di. Seznanili so se s \u0161tevilnimi <em><span style=\"color: #3366ff\">predsodki in stereotipi<\/span><\/em> in ugotavljali, ali so upravi\u010deni.<\/p>\n<p style=\"text-align: justify\"><strong>Upamo, da je kulturni dan vsaj malo prispeval k razbijanju predsodkov in ve\u010dji strpnosti do druga\u010dnih.<\/strong><\/p>\n<h6><em>* (Vir naslovne slike: Wikipedija)<\/em><\/h6>\n<p style=\"text-align: center\"><span style=\"color: #ff6600\"><strong>**************************************<\/strong><\/span><\/p>\n<p>&nbsp;<\/p>\n<p style=\"text-align: justify\"><span style=\"color: #000000\"><span style=\"color: #008000\"><strong>Na\u0161e novinarke<\/strong><em><strong> Tara, Julija, Lara, Tadeja, Ema, Iris, Manca, Zoja, \u0160pela in Loti <\/strong><\/em><\/span><strong>so nekaj deveto\u0161olcev\u00a0 vpra\u0161ale o filmu, razli\u010dnih dru\u017ebenih skupinah, predsodkih, pomo\u010di in o njihovem odnosu do vsega, o \u010demer je bilo govora na kulturnem dnevu.<\/strong><\/span><\/p>\n<p style=\"text-align: justify\"><span style=\"color: #ff6600\"><strong>V filmu \u0160anghaj<\/strong><\/span> so mi bili nekateri deli v\u0161e\u010d, drugi pa ne toliko. Smo pa zelo spoznali <span style=\"color: #ff6600\">Rome in njihov na\u010din \u017eivljenja<\/span>. Ko ima\u0161 veliko denarja in ti je to odvzeto, \u0161ele ugotovi\u0161, kaj je zares pomembno. Iz filma sem se nau\u010dila, da se spla\u010da \u017eiveti po\u0161teno in ne goljufati, ker se to prej ali slej odkrije.<br \/>\n<em><strong>(Barbara Kr\u017ei\u0161nik)<\/strong><\/em><\/p>\n<p style=\"text-align: justify\"><strong><span style=\"color: #ff6600\">Film<\/span><\/strong> je bil kar v redu, ker prikazuje \u017eivljenje, ki ga mi ne poznamo. Njegovo sporo\u010dilo je, da je prav, da spoznamo \u017eivljenje tistih, ki so druga\u010dni od nas ter da moramo sprejeti vse ljudi, ne glede na vse.<br \/>\n<em><strong>(Jakob Pisk)<\/strong><\/em><\/p>\n<p style=\"text-align: justify\"><strong><span style=\"color: #ff6600\">Film \u0160anghaj<\/span><\/strong> se mi je zdel dober, zanimivo dogajanje. Mnogih stvari <strong><span style=\"color: #ff6600\">o Romih<\/span><\/strong> prej nisem vedel in nanje gledam druga\u010de. Tudi prej nisem imel slabega mnenja o njih.<br \/>\n<em><strong>(David Dolenec)<\/strong><\/em><\/p>\n<p style=\"text-align: justify\">Spoznala sem, da je o razli\u010dnih marginalnih dru\u017ebenih skupinah <strong><span style=\"color: #ff6600\">veliko ve\u010d predsodkov<\/span><\/strong>, kot sem si mislila. Sem pa razo\u010darana, \u017eivcira me, da imajo ljudje \u0161e vedno o ljudeh, ki so druga\u010dni, \u0161tevilne predsodke. Tudi odnos celotne dru\u017ebe do njih se mi zdi nepravi\u010den.<br \/>\n<em><strong>(Mina Frlan)<\/strong><\/em><\/p>\n<p><a href=\"http:\/\/sola-poljane.splet.arnes.si\/files\/2021\/05\/KD_9r_marginalci_202110.jpg\">\u00a0 \u00a0 \u00a0 \u00a0 \u00a0 <img loading=\"lazy\" decoding=\"async\" class=\"alignnone wp-image-21755\" src=\"http:\/\/sola-poljane.splet.arnes.si\/files\/2021\/05\/KD_9r_marginalci_202110-300x197.jpg\" alt=\"\" width=\"330\" height=\"217\" srcset=\"https:\/\/sola-poljane.splet.arnes.si\/files\/2021\/05\/KD_9r_marginalci_202110-300x197.jpg 300w, https:\/\/sola-poljane.splet.arnes.si\/files\/2021\/05\/KD_9r_marginalci_202110-768x504.jpg 768w, https:\/\/sola-poljane.splet.arnes.si\/files\/2021\/05\/KD_9r_marginalci_202110-84x56.jpg 84w, https:\/\/sola-poljane.splet.arnes.si\/files\/2021\/05\/KD_9r_marginalci_202110-624x410.jpg 624w, https:\/\/sola-poljane.splet.arnes.si\/files\/2021\/05\/KD_9r_marginalci_202110-365x240.jpg 365w, https:\/\/sola-poljane.splet.arnes.si\/files\/2021\/05\/KD_9r_marginalci_202110.jpg 800w\" sizes=\"auto, (max-width: 330px) 100vw, 330px\" \/>\u00a0 \u00a0 \u00a0 \u00a0 \u00a0 \u00a0 \u00a0 \u00a0<\/a> <a href=\"http:\/\/sola-poljane.splet.arnes.si\/files\/2021\/05\/KD_9r_marginalci_202123.jpg\"><img loading=\"lazy\" decoding=\"async\" class=\"alignnone wp-image-21756\" src=\"http:\/\/sola-poljane.splet.arnes.si\/files\/2021\/05\/KD_9r_marginalci_202123-300x215.jpg\" alt=\"\" width=\"306\" height=\"220\" srcset=\"https:\/\/sola-poljane.splet.arnes.si\/files\/2021\/05\/KD_9r_marginalci_202123-300x215.jpg 300w, https:\/\/sola-poljane.splet.arnes.si\/files\/2021\/05\/KD_9r_marginalci_202123-768x549.jpg 768w, https:\/\/sola-poljane.splet.arnes.si\/files\/2021\/05\/KD_9r_marginalci_202123-77x55.jpg 77w, https:\/\/sola-poljane.splet.arnes.si\/files\/2021\/05\/KD_9r_marginalci_202123-624x446.jpg 624w, https:\/\/sola-poljane.splet.arnes.si\/files\/2021\/05\/KD_9r_marginalci_202123.jpg 800w\" sizes=\"auto, (max-width: 306px) 100vw, 306px\" \/><\/a><\/p>\n<p>&nbsp;<\/p>\n<p style=\"text-align: center\"><span style=\"color: #008000\"><strong>**************************************<\/strong><\/span><\/p>\n<p style=\"text-align: justify\">Tema dana\u0161njega kulturnega dne so bile dru\u017ebene skupine, ki so vedno bolj na robu dru\u017ebe.<br \/>\nFilm mi je bil v\u0161e\u010d, ker je bil slovenski in ker je \u0161e na malo druga\u010den na\u010din predstavil \u017eivljenje Romov. Na plakatu sem imel <strong><span style=\"color: #ff6600\">temo brezdomcev<\/span><\/strong>, ki je bila precej bolj zanimiva, kot sem sprva mislil. Na kulturnem dnevu sem malo bolj podrobno izvedel, kak\u0161no je bilo \u017eivljenje v Federativni republiki Jugoslaviji. Brezdomcem bi pomagal tako, da bi kupil njihovo revijo Kralji ulice, invalidom pa tako, da bi dal denar kak\u0161ni organizaciji, ki jim pomaga.<br \/>\n<em><strong>(David Omejc)<\/strong><\/em><\/p>\n<p><a href=\"http:\/\/sola-poljane.splet.arnes.si\/files\/2021\/05\/KD_9r_marginalci_202109.jpg\">\u00a0 \u00a0 \u00a0 \u00a0 \u00a0 <img loading=\"lazy\" decoding=\"async\" class=\"alignnone wp-image-21757\" src=\"http:\/\/sola-poljane.splet.arnes.si\/files\/2021\/05\/KD_9r_marginalci_202109-300x216.jpg\" alt=\"\" width=\"306\" height=\"220\" srcset=\"https:\/\/sola-poljane.splet.arnes.si\/files\/2021\/05\/KD_9r_marginalci_202109-300x216.jpg 300w, https:\/\/sola-poljane.splet.arnes.si\/files\/2021\/05\/KD_9r_marginalci_202109-768x552.jpg 768w, https:\/\/sola-poljane.splet.arnes.si\/files\/2021\/05\/KD_9r_marginalci_202109-77x55.jpg 77w, https:\/\/sola-poljane.splet.arnes.si\/files\/2021\/05\/KD_9r_marginalci_202109-624x449.jpg 624w, https:\/\/sola-poljane.splet.arnes.si\/files\/2021\/05\/KD_9r_marginalci_202109.jpg 800w\" sizes=\"auto, (max-width: 306px) 100vw, 306px\" \/><\/a>\u00a0 \u00a0 \u00a0 \u00a0 \u00a0 \u00a0 \u00a0 \u00a0 \u00a0<a href=\"http:\/\/sola-poljane.splet.arnes.si\/files\/2021\/05\/KD_9r_marginalci_202124.jpg\"><img loading=\"lazy\" decoding=\"async\" class=\"alignnone wp-image-21758\" src=\"http:\/\/sola-poljane.splet.arnes.si\/files\/2021\/05\/KD_9r_marginalci_202124-300x192.jpg\" alt=\"\" width=\"340\" height=\"217\" srcset=\"https:\/\/sola-poljane.splet.arnes.si\/files\/2021\/05\/KD_9r_marginalci_202124-300x192.jpg 300w, https:\/\/sola-poljane.splet.arnes.si\/files\/2021\/05\/KD_9r_marginalci_202124-768x492.jpg 768w, https:\/\/sola-poljane.splet.arnes.si\/files\/2021\/05\/KD_9r_marginalci_202124-86x55.jpg 86w, https:\/\/sola-poljane.splet.arnes.si\/files\/2021\/05\/KD_9r_marginalci_202124-624x399.jpg 624w, https:\/\/sola-poljane.splet.arnes.si\/files\/2021\/05\/KD_9r_marginalci_202124.jpg 800w\" sizes=\"auto, (max-width: 340px) 100vw, 340px\" \/>\u00a0<\/a><\/p>\n<p style=\"text-align: center\"><span style=\"color: #008000\"><strong>**************************************<\/strong><\/span><\/p>\n<p style=\"text-align: justify\">Pogovarjali smo se o sprejemanju razli\u010dnih ljudi z razli\u010dnimi sposobnostmi in iz razli\u010dnih kultur. Film \u0160anghaj mi po eni strani ni bil v\u0161e\u010d, ker je bil na trenutke dolgo\u010dasen, v\u0161e\u010d pa mi je bil, ker sem izvedel nekaj novega o romski kulturi. Spoznal sem romski jezik.<br \/>\nNa plakatu sem predstavil <strong><span style=\"color: #ff6600\">invalide<\/span><\/strong>. Pomagal bi jim tako, da bi jim organiziral kamp, v katerem bi se spoznali, kjer bi bili vsi enaki. <strong><span style=\"color: #ff6600\">Brezposelnim<\/span><\/strong> pa bi pomagal dobiti slu\u017ebo, za brezdomce pa bi prispeval nekaj denarja.<br \/>\n<span style=\"color: #000000\"><em><strong>(O\u017ebej Krek)<\/strong><\/em><\/span><\/p>\n<p><a href=\"http:\/\/sola-poljane.splet.arnes.si\/files\/2021\/05\/KD_9r_marginalci_202113.jpg\">\u00a0 \u00a0 \u00a0 \u00a0 \u00a0<img loading=\"lazy\" decoding=\"async\" class=\"alignnone wp-image-21761\" src=\"http:\/\/sola-poljane.splet.arnes.si\/files\/2021\/05\/KD_9r_marginalci_202113-300x199.jpg\" alt=\"\" width=\"354\" height=\"235\" srcset=\"https:\/\/sola-poljane.splet.arnes.si\/files\/2021\/05\/KD_9r_marginalci_202113-300x199.jpg 300w, https:\/\/sola-poljane.splet.arnes.si\/files\/2021\/05\/KD_9r_marginalci_202113-768x509.jpg 768w, https:\/\/sola-poljane.splet.arnes.si\/files\/2021\/05\/KD_9r_marginalci_202113-83x55.jpg 83w, https:\/\/sola-poljane.splet.arnes.si\/files\/2021\/05\/KD_9r_marginalci_202113-624x413.jpg 624w, https:\/\/sola-poljane.splet.arnes.si\/files\/2021\/05\/KD_9r_marginalci_202113-84x56.jpg 84w, https:\/\/sola-poljane.splet.arnes.si\/files\/2021\/05\/KD_9r_marginalci_202113.jpg 800w\" sizes=\"auto, (max-width: 354px) 100vw, 354px\" \/>\u00a0 \u00a0 \u00a0 \u00a0<\/a> <a href=\"http:\/\/sola-poljane.splet.arnes.si\/files\/2021\/05\/KD_9r_marginalci_202122.jpg\"><img loading=\"lazy\" decoding=\"async\" class=\"alignnone wp-image-21762\" src=\"http:\/\/sola-poljane.splet.arnes.si\/files\/2021\/05\/KD_9r_marginalci_202122-300x212.jpg\" alt=\"\" width=\"334\" height=\"236\" srcset=\"https:\/\/sola-poljane.splet.arnes.si\/files\/2021\/05\/KD_9r_marginalci_202122-300x212.jpg 300w, https:\/\/sola-poljane.splet.arnes.si\/files\/2021\/05\/KD_9r_marginalci_202122-768x542.jpg 768w, https:\/\/sola-poljane.splet.arnes.si\/files\/2021\/05\/KD_9r_marginalci_202122-78x55.jpg 78w, https:\/\/sola-poljane.splet.arnes.si\/files\/2021\/05\/KD_9r_marginalci_202122-624x441.jpg 624w, https:\/\/sola-poljane.splet.arnes.si\/files\/2021\/05\/KD_9r_marginalci_202122.jpg 800w\" sizes=\"auto, (max-width: 334px) 100vw, 334px\" \/><\/a><\/p>\n<p>&nbsp;<\/p>\n<p><a href=\"http:\/\/sola-poljane.splet.arnes.si\/files\/2021\/05\/KD_9r_marginalci_202115.jpg\">\u00a0 \u00a0 \u00a0 \u00a0 \u00a0<img loading=\"lazy\" decoding=\"async\" class=\"alignnone wp-image-21771\" src=\"http:\/\/sola-poljane.splet.arnes.si\/files\/2021\/05\/KD_9r_marginalci_202115-300x206.jpg\" alt=\"\" width=\"346\" height=\"237\" srcset=\"https:\/\/sola-poljane.splet.arnes.si\/files\/2021\/05\/KD_9r_marginalci_202115-300x206.jpg 300w, https:\/\/sola-poljane.splet.arnes.si\/files\/2021\/05\/KD_9r_marginalci_202115-768x527.jpg 768w, https:\/\/sola-poljane.splet.arnes.si\/files\/2021\/05\/KD_9r_marginalci_202115-80x55.jpg 80w, https:\/\/sola-poljane.splet.arnes.si\/files\/2021\/05\/KD_9r_marginalci_202115-624x428.jpg 624w, https:\/\/sola-poljane.splet.arnes.si\/files\/2021\/05\/KD_9r_marginalci_202115.jpg 800w\" sizes=\"auto, (max-width: 346px) 100vw, 346px\" \/>\u00a0 \u00a0 \u00a0 \u00a0\u00a0<\/a> <a href=\"http:\/\/sola-poljane.splet.arnes.si\/files\/2021\/05\/KD_9r_marginalci_202121.jpg\"><img loading=\"lazy\" decoding=\"async\" class=\"alignnone wp-image-21772\" src=\"http:\/\/sola-poljane.splet.arnes.si\/files\/2021\/05\/KD_9r_marginalci_202121-300x213.jpg\" alt=\"\" width=\"334\" height=\"237\" srcset=\"https:\/\/sola-poljane.splet.arnes.si\/files\/2021\/05\/KD_9r_marginalci_202121-300x213.jpg 300w, https:\/\/sola-poljane.splet.arnes.si\/files\/2021\/05\/KD_9r_marginalci_202121-768x545.jpg 768w, https:\/\/sola-poljane.splet.arnes.si\/files\/2021\/05\/KD_9r_marginalci_202121-77x55.jpg 77w, https:\/\/sola-poljane.splet.arnes.si\/files\/2021\/05\/KD_9r_marginalci_202121-624x443.jpg 624w, https:\/\/sola-poljane.splet.arnes.si\/files\/2021\/05\/KD_9r_marginalci_202121.jpg 800w\" sizes=\"auto, (max-width: 334px) 100vw, 334px\" \/><\/a><\/p>\n<p>&nbsp;<\/p>\n<p style=\"text-align: center\"><span style=\"color: #008000\"><strong>**************************************<\/strong><\/span><\/p>\n<p style=\"text-align: justify\">Film \u0160anghaj se mi je zdel zelo zanimiv in pou\u010den, zmotilo me pa je, ker je bil jezik polomljen, saj ni bil v sloven\u0161\u010dini.<br \/>\nNa kulturnem dnevu smo se dotaknili tem in dru\u017ebenih skupin, o katerih sicer ne govorimo veliko, in sicer o Romih, brezposelnih, tujcih, revnih, invalidih \u2026<br \/>\nNa plakatu sem predstavil problem <strong><span style=\"color: #ff6600\">rev\u0161\u010dine<\/span><\/strong>.<br \/>\n<em><strong>(Tilen Mrak)<\/strong><\/em><\/p>\n<p><a href=\"http:\/\/sola-poljane.splet.arnes.si\/files\/2021\/05\/KD_9r_marginalci_202126.jpg\">\u00a0 \u00a0 \u00a0 \u00a0 <img loading=\"lazy\" decoding=\"async\" class=\"alignnone wp-image-21759\" src=\"http:\/\/sola-poljane.splet.arnes.si\/files\/2021\/05\/KD_9r_marginalci_202126-300x212.jpg\" alt=\"\" width=\"320\" height=\"226\" srcset=\"https:\/\/sola-poljane.splet.arnes.si\/files\/2021\/05\/KD_9r_marginalci_202126-300x212.jpg 300w, https:\/\/sola-poljane.splet.arnes.si\/files\/2021\/05\/KD_9r_marginalci_202126-768x543.jpg 768w, https:\/\/sola-poljane.splet.arnes.si\/files\/2021\/05\/KD_9r_marginalci_202126-78x55.jpg 78w, https:\/\/sola-poljane.splet.arnes.si\/files\/2021\/05\/KD_9r_marginalci_202126-624x441.jpg 624w, https:\/\/sola-poljane.splet.arnes.si\/files\/2021\/05\/KD_9r_marginalci_202126.jpg 800w\" sizes=\"auto, (max-width: 320px) 100vw, 320px\" \/>\u00a0 <\/a>\u00a0 \u00a0 \u00a0 \u00a0\u00a0 <a href=\"http:\/\/sola-poljane.splet.arnes.si\/files\/2021\/05\/KD_9r_marginalci_202111-1.jpg\"><img loading=\"lazy\" decoding=\"async\" class=\"alignnone wp-image-21774\" src=\"http:\/\/sola-poljane.splet.arnes.si\/files\/2021\/05\/KD_9r_marginalci_202111-1-300x193.jpg\" alt=\"\" width=\"353\" height=\"227\" srcset=\"https:\/\/sola-poljane.splet.arnes.si\/files\/2021\/05\/KD_9r_marginalci_202111-1-300x193.jpg 300w, https:\/\/sola-poljane.splet.arnes.si\/files\/2021\/05\/KD_9r_marginalci_202111-1-768x493.jpg 768w, https:\/\/sola-poljane.splet.arnes.si\/files\/2021\/05\/KD_9r_marginalci_202111-1-86x55.jpg 86w, https:\/\/sola-poljane.splet.arnes.si\/files\/2021\/05\/KD_9r_marginalci_202111-1.jpg 782w, https:\/\/sola-poljane.splet.arnes.si\/files\/2021\/05\/KD_9r_marginalci_202111-1-624x401.jpg 624w\" sizes=\"auto, (max-width: 353px) 100vw, 353px\" \/><\/a><\/p>\n<p>&nbsp;<\/p>\n<p style=\"text-align: center\"><span style=\"color: #008000\"><strong>**************************************<\/strong><\/span><\/p>\n<p style=\"text-align: justify\">Film je bil zelo zanimiv, v\u0161e\u010d mi je bil, ker je bilo vse lepo prikazano.<br \/>\nTema dana\u0161njega kulturnega dneva so bili ljudje, ki niso sprejeti med druge. Eno od teh skupin sem predstavila na plakatu, in sicer <strong><span style=\"color: #ff6600\">tujce<\/span><\/strong>.<br \/>\n<em><strong>(Zala Peternel)<\/strong><\/em><\/p>\n<p>\u00a0 \u00a0 \u00a0 \u00a0<a href=\"http:\/\/sola-poljane.splet.arnes.si\/files\/2021\/05\/Tujci_manj.jpg\"><img loading=\"lazy\" decoding=\"async\" class=\"alignnone wp-image-21766\" src=\"http:\/\/sola-poljane.splet.arnes.si\/files\/2021\/05\/Tujci_manj-300x189.jpg\" alt=\"\" width=\"349\" height=\"220\" srcset=\"https:\/\/sola-poljane.splet.arnes.si\/files\/2021\/05\/Tujci_manj-300x189.jpg 300w, https:\/\/sola-poljane.splet.arnes.si\/files\/2021\/05\/Tujci_manj-87x55.jpg 87w, https:\/\/sola-poljane.splet.arnes.si\/files\/2021\/05\/Tujci_manj.jpg 585w\" sizes=\"auto, (max-width: 349px) 100vw, 349px\" \/>\u00a0 \u00a0 \u00a0 \u00a0 \u00a0<\/a><a href=\"http:\/\/sola-poljane.splet.arnes.si\/files\/2021\/05\/KD_9r_marginalci_202125-1.jpg\"><img loading=\"lazy\" decoding=\"async\" class=\"alignnone wp-image-21765\" src=\"http:\/\/sola-poljane.splet.arnes.si\/files\/2021\/05\/KD_9r_marginalci_202125-1-300x207.jpg\" alt=\"\" width=\"331\" height=\"229\" srcset=\"https:\/\/sola-poljane.splet.arnes.si\/files\/2021\/05\/KD_9r_marginalci_202125-1-300x207.jpg 300w, https:\/\/sola-poljane.splet.arnes.si\/files\/2021\/05\/KD_9r_marginalci_202125-1-768x529.jpg 768w, https:\/\/sola-poljane.splet.arnes.si\/files\/2021\/05\/KD_9r_marginalci_202125-1-80x55.jpg 80w, https:\/\/sola-poljane.splet.arnes.si\/files\/2021\/05\/KD_9r_marginalci_202125-1-624x430.jpg 624w, https:\/\/sola-poljane.splet.arnes.si\/files\/2021\/05\/KD_9r_marginalci_202125-1.jpg 800w\" sizes=\"auto, (max-width: 331px) 100vw, 331px\" \/><\/a><\/p>\n<p>&nbsp;<\/p>\n<p style=\"text-align: center\"><span style=\"color: #008000\"><strong>**************************************<\/strong><\/span><\/p>\n<p style=\"text-align: justify\">Film \u0160anghaj mi je bil v\u0161e\u010d in pou\u010den. Govoril je o tudi o fantu, ki zaradi stiske in te\u017eav v dru\u017eini ni mogel v \u0161olo, ki si jo je izbral, zato je postal odvisnik.<br \/>\n<strong><span style=\"color: #ff6600\">Odvisnost<\/span> <\/strong>je velik problem, a je to \u0161e vedno premalo poudarjeno, ljudje se tega sramujejo. Najbolj so v teh \u010dasih pogoste zasvojenost s telefonom in ra\u010dunalnikom, odvisnost od alkohola, mamil itd.<br \/>\n<em><strong>(Bla\u017e Oblak)<\/strong><\/em><\/p>\n<p><a href=\"http:\/\/sola-poljane.splet.arnes.si\/files\/2021\/05\/KD_9r_marginalci_202112.jpg\">\u00a0 \u00a0 \u00a0 <img loading=\"lazy\" decoding=\"async\" class=\"alignnone wp-image-21767\" src=\"http:\/\/sola-poljane.splet.arnes.si\/files\/2021\/05\/KD_9r_marginalci_202112-300x201.jpg\" alt=\"\" width=\"355\" height=\"238\" srcset=\"https:\/\/sola-poljane.splet.arnes.si\/files\/2021\/05\/KD_9r_marginalci_202112-300x201.jpg 300w, https:\/\/sola-poljane.splet.arnes.si\/files\/2021\/05\/KD_9r_marginalci_202112-768x514.jpg 768w, https:\/\/sola-poljane.splet.arnes.si\/files\/2021\/05\/KD_9r_marginalci_202112-82x55.jpg 82w, https:\/\/sola-poljane.splet.arnes.si\/files\/2021\/05\/KD_9r_marginalci_202112-624x417.jpg 624w, https:\/\/sola-poljane.splet.arnes.si\/files\/2021\/05\/KD_9r_marginalci_202112-84x56.jpg 84w, https:\/\/sola-poljane.splet.arnes.si\/files\/2021\/05\/KD_9r_marginalci_202112.jpg 800w\" sizes=\"auto, (max-width: 355px) 100vw, 355px\" \/><\/a>\u00a0 \u00a0 \u00a0 \u00a0 \u00a0<a href=\"http:\/\/sola-poljane.splet.arnes.si\/files\/2021\/05\/KD_9r_marginalci_202120.jpg\"><img loading=\"lazy\" decoding=\"async\" class=\"alignnone wp-image-21768\" src=\"http:\/\/sola-poljane.splet.arnes.si\/files\/2021\/05\/KD_9r_marginalci_202120-300x212.jpg\" alt=\"\" width=\"336\" height=\"237\" srcset=\"https:\/\/sola-poljane.splet.arnes.si\/files\/2021\/05\/KD_9r_marginalci_202120-300x212.jpg 300w, https:\/\/sola-poljane.splet.arnes.si\/files\/2021\/05\/KD_9r_marginalci_202120-768x541.jpg 768w, https:\/\/sola-poljane.splet.arnes.si\/files\/2021\/05\/KD_9r_marginalci_202120-78x55.jpg 78w, https:\/\/sola-poljane.splet.arnes.si\/files\/2021\/05\/KD_9r_marginalci_202120-624x440.jpg 624w, https:\/\/sola-poljane.splet.arnes.si\/files\/2021\/05\/KD_9r_marginalci_202120.jpg 800w\" sizes=\"auto, (max-width: 336px) 100vw, 336px\" \/><\/a><\/p>\n<p>&nbsp;<\/p>\n<p style=\"text-align: center\"><span style=\"color: #008000\"><strong>**************************************<\/strong><\/span><\/p>\n<p style=\"text-align: justify\">Nekateri <strong><span style=\"color: #ff6600\">starej\u0161i<\/span><\/strong> te\u017eko \u017eivijo, so sami, drugje pa \u017eivijo skupaj s svojimi otroki in vnuki. Tudi pri nas je tako in se dobro razumemo.<br \/>\n<em><strong>(Adriano Markelj)<\/strong><\/em><\/p>\n<p><a href=\"http:\/\/sola-poljane.splet.arnes.si\/files\/2021\/05\/KD_9r_marginalci_202107.jpg\">\u00a0 \u00a0 \u00a0 <img loading=\"lazy\" decoding=\"async\" class=\"alignnone wp-image-21769\" src=\"http:\/\/sola-poljane.splet.arnes.si\/files\/2021\/05\/KD_9r_marginalci_202107-300x199.jpg\" alt=\"\" width=\"359\" height=\"238\" srcset=\"https:\/\/sola-poljane.splet.arnes.si\/files\/2021\/05\/KD_9r_marginalci_202107-300x199.jpg 300w, https:\/\/sola-poljane.splet.arnes.si\/files\/2021\/05\/KD_9r_marginalci_202107-768x509.jpg 768w, https:\/\/sola-poljane.splet.arnes.si\/files\/2021\/05\/KD_9r_marginalci_202107-83x55.jpg 83w, https:\/\/sola-poljane.splet.arnes.si\/files\/2021\/05\/KD_9r_marginalci_202107-624x413.jpg 624w, https:\/\/sola-poljane.splet.arnes.si\/files\/2021\/05\/KD_9r_marginalci_202107-84x56.jpg 84w, https:\/\/sola-poljane.splet.arnes.si\/files\/2021\/05\/KD_9r_marginalci_202107.jpg 800w\" sizes=\"auto, (max-width: 359px) 100vw, 359px\" \/>\u00a0 \u00a0 \u00a0 \u00a0<\/a> <a href=\"http:\/\/sola-poljane.splet.arnes.si\/files\/2021\/05\/KD_9r_marginalci_202127.jpg\"><img loading=\"lazy\" decoding=\"async\" class=\"alignnone wp-image-21770\" src=\"http:\/\/sola-poljane.splet.arnes.si\/files\/2021\/05\/KD_9r_marginalci_202127-300x212.jpg\" alt=\"\" width=\"335\" height=\"237\" srcset=\"https:\/\/sola-poljane.splet.arnes.si\/files\/2021\/05\/KD_9r_marginalci_202127-300x212.jpg 300w, https:\/\/sola-poljane.splet.arnes.si\/files\/2021\/05\/KD_9r_marginalci_202127-768x542.jpg 768w, https:\/\/sola-poljane.splet.arnes.si\/files\/2021\/05\/KD_9r_marginalci_202127-78x55.jpg 78w, https:\/\/sola-poljane.splet.arnes.si\/files\/2021\/05\/KD_9r_marginalci_202127-624x441.jpg 624w, https:\/\/sola-poljane.splet.arnes.si\/files\/2021\/05\/KD_9r_marginalci_202127.jpg 800w\" sizes=\"auto, (max-width: 335px) 100vw, 335px\" \/><\/a><\/p>\n<p>&nbsp;<\/p>\n<p style=\"text-align: center\"><span style=\"color: #008000\"><strong>**************************************<\/strong><\/span><\/p>\n<p><strong>Vse fotografije s kulturnega dne, tudi <span style=\"color: #ff6600\">skupinsko delo<\/span> in <span style=\"color: #ff6600\">predstavitve<\/span>, si lahko ogledate v spodnji galeriji. <\/strong><\/p>\n<p><strong><span style=\"color: #008000\">Fotografi:<\/span><\/strong><span style=\"color: #008000\"><strong>\u00a0<em>Ema R\u017eek, Lena Grebenc, Patrik Dolinar, Tine Debeljak<\/em><\/strong><\/span><\/p>\n<p>&nbsp;<\/p>\nngg_shortcode_0_placeholder\n","protected":false},"excerpt":{"rendered":"<p>Deveto\u0161olci so na kulturnem dnevu spoznavali t. i. marginalne dru\u017ebene [&hellip;]<\/p>\n","protected":false},"author":56163,"featured_media":21753,"comment_status":"closed","ping_status":"open","sticky":false,"template":"","format":"standard","meta":{"ngg_post_thumbnail":0,"footnotes":""},"categories":[15,55,61],"tags":[],"class_list":["post-21746","post","type-post","status-publish","format-standard","has-post-thumbnail","hentry","category-dnevi-dejavnosti-2-triada","category-dogajanje","category-unesco"],"_links":{"self":[{"href":"https:\/\/sola-poljane.splet.arnes.si\/index.php?rest_route=\/wp\/v2\/posts\/21746","targetHints":{"allow":["GET"]}}],"collection":[{"href":"https:\/\/sola-poljane.splet.arnes.si\/index.php?rest_route=\/wp\/v2\/posts"}],"about":[{"href":"https:\/\/sola-poljane.splet.arnes.si\/index.php?rest_route=\/wp\/v2\/types\/post"}],"author":[{"embeddable":true,"href":"https:\/\/sola-poljane.splet.arnes.si\/index.php?rest_route=\/wp\/v2\/users\/56163"}],"replies":[{"embeddable":true,"href":"https:\/\/sola-poljane.splet.arnes.si\/index.php?rest_route=%2Fwp%2Fv2%2Fcomments&post=21746"}],"version-history":[{"count":9,"href":"https:\/\/sola-poljane.splet.arnes.si\/index.php?rest_route=\/wp\/v2\/posts\/21746\/revisions"}],"predecessor-version":[{"id":21777,"href":"https:\/\/sola-poljane.splet.arnes.si\/index.php?rest_route=\/wp\/v2\/posts\/21746\/revisions\/21777"}],"wp:featuredmedia":[{"embeddable":true,"href":"https:\/\/sola-poljane.splet.arnes.si\/index.php?rest_route=\/wp\/v2\/media\/21753"}],"wp:attachment":[{"href":"https:\/\/sola-poljane.splet.arnes.si\/index.php?rest_route=%2Fwp%2Fv2%2Fmedia&parent=21746"}],"wp:term":[{"taxonomy":"category","embeddable":true,"href":"https:\/\/sola-poljane.splet.arnes.si\/index.php?rest_route=%2Fwp%2Fv2%2Fcategories&post=21746"},{"taxonomy":"post_tag","embeddable":true,"href":"https:\/\/sola-poljane.splet.arnes.si\/index.php?rest_route=%2Fwp%2Fv2%2Ftags&post=21746"}],"curies":[{"name":"wp","href":"https:\/\/api.w.org\/{rel}","templated":true}]}}