{"id":21713,"date":"2021-05-04T20:57:57","date_gmt":"2021-05-04T18:57:57","guid":{"rendered":"http:\/\/sola-poljane.splet.arnes.si\/?p=21713"},"modified":"2021-05-04T20:58:17","modified_gmt":"2021-05-04T18:58:17","slug":"noc-knjige-letos-kar-v-zavetju-doma","status":"publish","type":"post","link":"https:\/\/sola-poljane.splet.arnes.si\/?p=21713","title":{"rendered":"No\u010d knjige \u2013 letos kar v zavetju doma"},"content":{"rendered":"<p>No\u010d knjige ni bila tak\u0161na kot prej\u0161nja leta, je pa mladim bralcem ponudila druga\u010dna do\u017eivetja &#8230;<\/p>\n<p><a href=\"http:\/\/sola-poljane.splet.arnes.si\/files\/2021\/05\/IMG_9327-1.jpg\"><img loading=\"lazy\" decoding=\"async\" class=\"wp-image-21715 aligncenter\" src=\"http:\/\/sola-poljane.splet.arnes.si\/files\/2021\/05\/IMG_9327-1.jpg\" alt=\"\" width=\"362\" height=\"507\" srcset=\"https:\/\/sola-poljane.splet.arnes.si\/files\/2021\/05\/IMG_9327-1.jpg 419w, https:\/\/sola-poljane.splet.arnes.si\/files\/2021\/05\/IMG_9327-1-215x300.jpg 215w, https:\/\/sola-poljane.splet.arnes.si\/files\/2021\/05\/IMG_9327-1-39x55.jpg 39w\" sizes=\"auto, (max-width: 362px) 100vw, 362px\" \/><\/a><\/p>\n<p>&nbsp;<\/p>\n<p>&nbsp;<\/p>\n<p><a href=\"http:\/\/sola-poljane.splet.arnes.si\/files\/2021\/05\/20210427_090309-scaled.jpg\"><img loading=\"lazy\" decoding=\"async\" class=\"size-medium wp-image-21716 alignleft\" src=\"http:\/\/sola-poljane.splet.arnes.si\/files\/2021\/05\/20210427_090309-300x300.jpg\" alt=\"\" width=\"300\" height=\"300\" srcset=\"https:\/\/sola-poljane.splet.arnes.si\/files\/2021\/05\/20210427_090309-300x300.jpg 300w, https:\/\/sola-poljane.splet.arnes.si\/files\/2021\/05\/20210427_090309-1024x1024.jpg 1024w, https:\/\/sola-poljane.splet.arnes.si\/files\/2021\/05\/20210427_090309-150x150.jpg 150w, https:\/\/sola-poljane.splet.arnes.si\/files\/2021\/05\/20210427_090309-768x768.jpg 768w, https:\/\/sola-poljane.splet.arnes.si\/files\/2021\/05\/20210427_090309-55x55.jpg 55w, https:\/\/sola-poljane.splet.arnes.si\/files\/2021\/05\/20210427_090309-1536x1536.jpg 1536w, https:\/\/sola-poljane.splet.arnes.si\/files\/2021\/05\/20210427_090309-2048x2048.jpg 2048w, https:\/\/sola-poljane.splet.arnes.si\/files\/2021\/05\/20210427_090309-947x947.jpg 947w, https:\/\/sola-poljane.splet.arnes.si\/files\/2021\/05\/20210427_090309-624x624.jpg 624w, https:\/\/sola-poljane.splet.arnes.si\/files\/2021\/05\/20210427_090309-100x100.jpg 100w\" sizes=\"auto, (max-width: 300px) 100vw, 300px\" \/><\/a>\u00a0 \u00a0 \u00a0 \u00a0 \u00a0 \u00a0 \u00a0 \u00a0 \u00a0 \u00a0 \u00a0 \u00a0 \u00a0 \u00a0 \u00a0 \u00a0 \u00a0 \u00a0<a href=\"http:\/\/sola-poljane.splet.arnes.si\/files\/2021\/05\/20210427_090309-scaled.jpg\"><img decoding=\"async\" src=\"http:\/\/sola-poljane.splet.arnes.si\/files\/2021\/05\/20210427_090359-300x300.jpg\" \/><\/a><a href=\"http:\/\/sola-poljane.splet.arnes.si\/files\/2021\/05\/20210427_090309-scaled.jpg\">\u00a0 \u00a0<\/a><\/p>\n<p>&nbsp;<\/p>\n<p style=\"text-align: justify\"><em>Leto\u0161nja no\u010d knjige je bila no\u010d knjige v\u00a0 dru\u017einskem krogu. Za pono\u010devanje v dru\u017ebi dobrih knjig smo si pri na\u0161i hi\u0161i izbrali petkov ve\u010der pred po\u010ditnicami. Sestra Tinkara ob petkih pomaga v krajevni knji\u017enici, zato smo ji \u017ee popoldne naro\u010dili, kaj vse naj nam prinese za no\u010dno branje, Nace pa je poskrbel za vabila na na\u0161e dru\u017einsko dru\u017eenje.<\/em><\/p>\n<p style=\"text-align: justify\"><em>Najprej si je vsak od nas moral zaslu\u017eiti svoj kup\u010dek. Tinkara je pripravila kviz. Ko smo pravilno odgovorili vsak na svoje vpra\u0161anje, smo knjige lahko dobili.<\/em><\/p>\n<p style=\"text-align: justify\"><em>In ker prazna vre\u010da ne stoji pokonci tudi kar se ti\u010de bralnih aktivnosti, smo najprej poskrbeli za okusno ve\u010derjo. Ati je pripravil hot doge, nato pa smo se odpravili v sobo bralnim dogodiv\u0161\u010dinam naproti. Uredili smo tunel na pogradu, da smo lahko brali s \u010delnimi svetilkami. Nace je urejal dru\u017eabne igre, a so nas knjige tako posrkale vase, da je na\u0161 prvo\u0161olec zaspal \u0161e preden smo si uspeli vzeti \u010das zanje. Mami nam je ob desetih prinesla topel kakav. To je bil \u0161ele u\u017eitek! Najbolj vztrajni bralci smo zaspali naslednji dan.<\/em><\/p>\n<p style=\"text-align: justify\"><em>No\u010d knjige je vsekakor bolj zanimiva in vznemirljiva, kadar jo imamo prilo\u017enost do\u017eiveti v \u0161oli, ampak tudi tale leto\u0161nja je bila nekaj posebnega.<\/em><\/p>\n<p style=\"text-align: justify\"><strong><em>Jerca Tu\u0161ek, 6. b<\/em><\/strong><\/p>\n<p>&nbsp;<\/p>\n","protected":false},"excerpt":{"rendered":"<p>No\u010d knjige ni bila tak\u0161na kot prej\u0161nja leta, je pa [&hellip;]<\/p>\n","protected":false},"author":56163,"featured_media":21719,"comment_status":"closed","ping_status":"open","sticky":false,"template":"","format":"standard","meta":{"ngg_post_thumbnail":0,"footnotes":""},"categories":[55,25],"tags":[],"class_list":["post-21713","post","type-post","status-publish","format-standard","has-post-thumbnail","hentry","category-dogajanje","category-prireditve"],"_links":{"self":[{"href":"https:\/\/sola-poljane.splet.arnes.si\/index.php?rest_route=\/wp\/v2\/posts\/21713","targetHints":{"allow":["GET"]}}],"collection":[{"href":"https:\/\/sola-poljane.splet.arnes.si\/index.php?rest_route=\/wp\/v2\/posts"}],"about":[{"href":"https:\/\/sola-poljane.splet.arnes.si\/index.php?rest_route=\/wp\/v2\/types\/post"}],"author":[{"embeddable":true,"href":"https:\/\/sola-poljane.splet.arnes.si\/index.php?rest_route=\/wp\/v2\/users\/56163"}],"replies":[{"embeddable":true,"href":"https:\/\/sola-poljane.splet.arnes.si\/index.php?rest_route=%2Fwp%2Fv2%2Fcomments&post=21713"}],"version-history":[{"count":2,"href":"https:\/\/sola-poljane.splet.arnes.si\/index.php?rest_route=\/wp\/v2\/posts\/21713\/revisions"}],"predecessor-version":[{"id":21720,"href":"https:\/\/sola-poljane.splet.arnes.si\/index.php?rest_route=\/wp\/v2\/posts\/21713\/revisions\/21720"}],"wp:featuredmedia":[{"embeddable":true,"href":"https:\/\/sola-poljane.splet.arnes.si\/index.php?rest_route=\/wp\/v2\/media\/21719"}],"wp:attachment":[{"href":"https:\/\/sola-poljane.splet.arnes.si\/index.php?rest_route=%2Fwp%2Fv2%2Fmedia&parent=21713"}],"wp:term":[{"taxonomy":"category","embeddable":true,"href":"https:\/\/sola-poljane.splet.arnes.si\/index.php?rest_route=%2Fwp%2Fv2%2Fcategories&post=21713"},{"taxonomy":"post_tag","embeddable":true,"href":"https:\/\/sola-poljane.splet.arnes.si\/index.php?rest_route=%2Fwp%2Fv2%2Ftags&post=21713"}],"curies":[{"name":"wp","href":"https:\/\/api.w.org\/{rel}","templated":true}]}}