{"id":21700,"date":"2021-05-04T04:34:10","date_gmt":"2021-05-04T02:34:10","guid":{"rendered":"http:\/\/sola-poljane.splet.arnes.si\/?p=21700"},"modified":"2021-05-04T04:43:40","modified_gmt":"2021-05-04T02:43:40","slug":"dva-nagrajenca-natecaja-evropa-v-soli","status":"publish","type":"post","link":"https:\/\/sola-poljane.splet.arnes.si\/?p=21700","title":{"rendered":"Dva nagrajenca nate\u010daja Evropa v \u0161oli"},"content":{"rendered":"<p style=\"text-align: justify\">U\u010denci Osnovne \u0161ole Poljane in Podru\u017eni\u010dne \u0161ole Javorje so tudi leto\u0161nje \u0161olsko leto sodelovali na nate\u010daju <span style=\"color: #0000ff\"><strong>Evropa v \u0161oli<\/strong><\/span>.<\/p>\n<p style=\"text-align: justify\">Na temo <em><span style=\"color: #ff6600\"><strong>\u00bb\u010ce kruhek pade ti na tla, poberi in poljubi ga\u00ab <\/strong><\/span><\/em>so ustvarili izvirna in kakovostna literarna, likovna in fotografska dela. Kljub delu na daljavo so se u\u010denci lotili dela z vso vnemo.<\/p>\n<p style=\"text-align: justify\"><a href=\"http:\/\/sola-poljane.splet.arnes.si\/files\/2021\/05\/publ_vodoravno.jpg\"><img loading=\"lazy\" decoding=\"async\" class=\"wp-image-21702 aligncenter\" src=\"http:\/\/sola-poljane.splet.arnes.si\/files\/2021\/05\/publ_vodoravno-1024x390.jpg\" alt=\"\" width=\"437\" height=\"166\" srcset=\"https:\/\/sola-poljane.splet.arnes.si\/files\/2021\/05\/publ_vodoravno-1024x390.jpg 1024w, https:\/\/sola-poljane.splet.arnes.si\/files\/2021\/05\/publ_vodoravno-300x114.jpg 300w, https:\/\/sola-poljane.splet.arnes.si\/files\/2021\/05\/publ_vodoravno-768x292.jpg 768w, https:\/\/sola-poljane.splet.arnes.si\/files\/2021\/05\/publ_vodoravno-144x55.jpg 144w, https:\/\/sola-poljane.splet.arnes.si\/files\/2021\/05\/publ_vodoravno-1536x585.jpg 1536w, https:\/\/sola-poljane.splet.arnes.si\/files\/2021\/05\/publ_vodoravno-2048x780.jpg 2048w, https:\/\/sola-poljane.splet.arnes.si\/files\/2021\/05\/publ_vodoravno-947x361.jpg 947w, https:\/\/sola-poljane.splet.arnes.si\/files\/2021\/05\/publ_vodoravno-624x238.jpg 624w\" sizes=\"auto, (max-width: 437px) 100vw, 437px\" \/><\/a><\/p>\n<p>&nbsp;<\/p>\n<p style=\"text-align: justify\">Pod budnim o\u010desom strokovne komisije sta\u00a0 izstopali dve deli, literarno in\u00a0 likovno, ki sta nagrajeni.<\/p>\n<p>Na <span style=\"color: #3366ff\"><strong>likovnem nate\u010daju<\/strong><\/span> za prvo triletje je <strong>1. mesto<\/strong> dosegla u\u010denka <span style=\"color: #ff6600\">1. razreda P\u0160 Javorje <strong>Katarina Mo\u017eina <\/strong><\/span>z delom <strong><span style=\"color: #008000\"><em>Sadje v skodelici<\/em><\/span>.<br \/>\n<\/strong>V okviru<strong><span style=\"color: #3366ff\"> literarnega nate\u010daja<\/span> <\/strong>za drugo triletje je <strong>1. mesto<\/strong> dosegel <span style=\"color: #ff6600\"><strong>Lovro Tu\u0161ek <\/strong>iz 4. b<\/span> razreda s pesmico <span style=\"color: #008000\"><em><strong>I\u0161\u010de se<\/strong><\/em><\/span>.<\/p>\n<p>\u010cestitke vsem ustvarjalcem in njihovim mentoricam!<\/p>\n<p>&nbsp;<\/p>\n<p>&nbsp;<\/p>\n<p><a href=\"http:\/\/sola-poljane.splet.arnes.si\/files\/2021\/05\/Katarina-Mo\u017eina-1.-razred-Podru\u017eni\u010dna-\u0161ola-Javorje.jpg\"><img loading=\"lazy\" decoding=\"async\" class=\"wp-image-21701 aligncenter\" src=\"http:\/\/sola-poljane.splet.arnes.si\/files\/2021\/05\/Katarina-Mo\u017eina-1.-razred-Podru\u017eni\u010dna-\u0161ola-Javorje-684x1024.jpg\" alt=\"\" width=\"351\" height=\"525\" srcset=\"https:\/\/sola-poljane.splet.arnes.si\/files\/2021\/05\/Katarina-Mo\u017eina-1.-razred-Podru\u017eni\u010dna-\u0161ola-Javorje-684x1024.jpg 684w, https:\/\/sola-poljane.splet.arnes.si\/files\/2021\/05\/Katarina-Mo\u017eina-1.-razred-Podru\u017eni\u010dna-\u0161ola-Javorje-200x300.jpg 200w, https:\/\/sola-poljane.splet.arnes.si\/files\/2021\/05\/Katarina-Mo\u017eina-1.-razred-Podru\u017eni\u010dna-\u0161ola-Javorje-768x1150.jpg 768w, https:\/\/sola-poljane.splet.arnes.si\/files\/2021\/05\/Katarina-Mo\u017eina-1.-razred-Podru\u017eni\u010dna-\u0161ola-Javorje-37x55.jpg 37w, https:\/\/sola-poljane.splet.arnes.si\/files\/2021\/05\/Katarina-Mo\u017eina-1.-razred-Podru\u017eni\u010dna-\u0161ola-Javorje-624x934.jpg 624w, https:\/\/sola-poljane.splet.arnes.si\/files\/2021\/05\/Katarina-Mo\u017eina-1.-razred-Podru\u017eni\u010dna-\u0161ola-Javorje.jpg 812w\" sizes=\"auto, (max-width: 351px) 100vw, 351px\" \/><\/a><\/p>\n<p style=\"text-align: center\"><em><strong>Katarina Mo\u017eina, 1. razred: Sadje v skodelici<\/strong><\/em><br \/>\n<em>Podru\u017eni\u010dna \u0161ola Javorje<\/em><\/p>\n<p>&nbsp;<\/p>\n<p style=\"text-align: center\"><span style=\"color: #008000\"><strong>I\u0160\u010cE SE<\/strong><\/span><\/p>\n<p style=\"text-align: center\">I\u0161\u010de se, i\u0161\u010de \u2026<br \/>\nnekdo, ki bi znal popraviti \u010dudno pre\u010dudno napako,<br \/>\nki bi re\u0161ila prehransko zagato vsako.<\/p>\n<p style=\"text-align: center\">I\u0161\u010de se, i\u0161\u010de \u2026<br \/>\nnekdo, ki ima tisto pravo idejo,<br \/>\nkako zavr\u017eeni hrani postaviti mejo.<\/p>\n<p style=\"text-align: center\">I\u0161\u010de se, i\u0161\u010de \u2026<br \/>\nnekdo, ki bi na kme\u010dke roke pogledal<br \/>\nin se pomena doma\u010de pridelave hrane zavedal.<\/p>\n<p style=\"text-align: center\">Si ti ta \u2026<br \/>\nki vzame na kro\u017enik toliko, kot ve,<br \/>\nda sam lahko poje?<br \/>\nKo mami zaupa recept za tisto hrano,<br \/>\nkjer se iz starega jabolka skuha okusno \u010de\u017eano<br \/>\nin iz olupkov zelenjave oprane<br \/>\nnastanejo juhe, z vitamini obdane?<br \/>\nKo v shrambi \u010dez teden vse lepo pospravi,<br \/>\n\u0161ele nato se v trgovino po novo zalogo odpravi?<br \/>\nKo ve, da brez vode na tem svetu zares ne gre?<\/p>\n<p style=\"text-align: center\">I\u0161\u010de se, i\u0161\u010de \u2026<br \/>\nnekdo, ki ho\u010de z majhnimi koraki delati pomembne re\u010di.<br \/>\nMislim, da si ta, ki ga i\u0161\u010dem, prav TI.<\/p>\n<p style=\"text-align: center\"><em><strong>Lovro Tu\u0161ek, 4. b<br \/>\n<\/strong>Osnovna \u0161ola Poljane<\/em><\/p>\n<p>&nbsp;<\/p>\n<p>&nbsp;<\/p>\n<p>&nbsp;<\/p>\n<p style=\"text-align: center\">\n","protected":false},"excerpt":{"rendered":"<p>U\u010denci Osnovne \u0161ole Poljane in Podru\u017eni\u010dne \u0161ole Javorje so tudi [&hellip;]<\/p>\n","protected":false},"author":56163,"featured_media":21706,"comment_status":"closed","ping_status":"open","sticky":false,"template":"","format":"standard","meta":{"ngg_post_thumbnail":0,"footnotes":""},"categories":[55,37],"tags":[],"class_list":["post-21700","post","type-post","status-publish","format-standard","has-post-thumbnail","hentry","category-dogajanje","category-natecaji"],"_links":{"self":[{"href":"https:\/\/sola-poljane.splet.arnes.si\/index.php?rest_route=\/wp\/v2\/posts\/21700","targetHints":{"allow":["GET"]}}],"collection":[{"href":"https:\/\/sola-poljane.splet.arnes.si\/index.php?rest_route=\/wp\/v2\/posts"}],"about":[{"href":"https:\/\/sola-poljane.splet.arnes.si\/index.php?rest_route=\/wp\/v2\/types\/post"}],"author":[{"embeddable":true,"href":"https:\/\/sola-poljane.splet.arnes.si\/index.php?rest_route=\/wp\/v2\/users\/56163"}],"replies":[{"embeddable":true,"href":"https:\/\/sola-poljane.splet.arnes.si\/index.php?rest_route=%2Fwp%2Fv2%2Fcomments&post=21700"}],"version-history":[{"count":6,"href":"https:\/\/sola-poljane.splet.arnes.si\/index.php?rest_route=\/wp\/v2\/posts\/21700\/revisions"}],"predecessor-version":[{"id":21710,"href":"https:\/\/sola-poljane.splet.arnes.si\/index.php?rest_route=\/wp\/v2\/posts\/21700\/revisions\/21710"}],"wp:featuredmedia":[{"embeddable":true,"href":"https:\/\/sola-poljane.splet.arnes.si\/index.php?rest_route=\/wp\/v2\/media\/21706"}],"wp:attachment":[{"href":"https:\/\/sola-poljane.splet.arnes.si\/index.php?rest_route=%2Fwp%2Fv2%2Fmedia&parent=21700"}],"wp:term":[{"taxonomy":"category","embeddable":true,"href":"https:\/\/sola-poljane.splet.arnes.si\/index.php?rest_route=%2Fwp%2Fv2%2Fcategories&post=21700"},{"taxonomy":"post_tag","embeddable":true,"href":"https:\/\/sola-poljane.splet.arnes.si\/index.php?rest_route=%2Fwp%2Fv2%2Ftags&post=21700"}],"curies":[{"name":"wp","href":"https:\/\/api.w.org\/{rel}","templated":true}]}}