{"id":21679,"date":"2021-04-21T17:44:31","date_gmt":"2021-04-21T15:44:31","guid":{"rendered":"http:\/\/sola-poljane.splet.arnes.si\/?p=21679"},"modified":"2021-05-13T11:09:02","modified_gmt":"2021-05-13T09:09:02","slug":"za-male-borce-in-borke","status":"publish","type":"post","link":"https:\/\/sola-poljane.splet.arnes.si\/?p=21679","title":{"rendered":"Sr\u010dna pisma za male borce in borke"},"content":{"rendered":"<p style=\"text-align: justify\">Tudi letos smo izpeljali <span style=\"color: #993300\"><strong>akcijo ozave\u0161\u010danja o redkih boleznih<\/strong><\/span>, ki ga obele\u017eujemo vsako leto februarja.<\/p>\n<p style=\"text-align: justify\">V ta namen smo se kljub korona \u010dasom spomnili <span style=\"color: #ff6600\"><strong>malih borcev, bork in njihovih dru\u017ein<\/strong> <\/span>ter jim napisali <span style=\"color: #ff6600\"><strong>spodbudna sporo\u010dila<\/strong><\/span>, ki so \u017ee odpotovala do naslovnikov. Upamo, da jim na\u0161a iskrena sporo\u010dila ogrejejo srce in spodbudijo mo\u010d, ki jo nosijo v sebi.<\/p>\n<p style=\"text-align: justify\"><em><strong>Barbara Tav\u010dar<\/strong><\/em><\/p>\n<p style=\"text-align: center\"><a href=\"http:\/\/sola-poljane.splet.arnes.si\/files\/2021\/04\/Za-male-borce_202103-1.jpg\">\u00a0 <img loading=\"lazy\" decoding=\"async\" class=\"alignnone size-medium wp-image-21685\" src=\"http:\/\/sola-poljane.splet.arnes.si\/files\/2021\/04\/Za-male-borce_202103-1-217x300.jpg\" alt=\"\" width=\"217\" height=\"300\" srcset=\"https:\/\/sola-poljane.splet.arnes.si\/files\/2021\/04\/Za-male-borce_202103-1-217x300.jpg 217w, https:\/\/sola-poljane.splet.arnes.si\/files\/2021\/04\/Za-male-borce_202103-1-40x55.jpg 40w, https:\/\/sola-poljane.splet.arnes.si\/files\/2021\/04\/Za-male-borce_202103-1.jpg 418w\" sizes=\"auto, (max-width: 217px) 100vw, 217px\" \/>\u00a0 \u00a0 \u00a0 \u00a0 \u00a0 \u00a0 \u00a0 \u00a0 \u00a0 \u00a0 \u00a0 \u00a0 \u00a0 \u00a0 \u00a0 \u00a0 \u00a0 \u00a0 \u00a0 \u00a0<\/a><a href=\"http:\/\/sola-poljane.splet.arnes.si\/files\/2021\/04\/Za-male-borce_202102-1.jpg\"><img loading=\"lazy\" decoding=\"async\" class=\"alignnone size-medium wp-image-21684\" src=\"http:\/\/sola-poljane.splet.arnes.si\/files\/2021\/04\/Za-male-borce_202102-1-198x300.jpg\" alt=\"\" width=\"198\" height=\"300\" srcset=\"https:\/\/sola-poljane.splet.arnes.si\/files\/2021\/04\/Za-male-borce_202102-1-198x300.jpg 198w, https:\/\/sola-poljane.splet.arnes.si\/files\/2021\/04\/Za-male-borce_202102-1-36x55.jpg 36w, https:\/\/sola-poljane.splet.arnes.si\/files\/2021\/04\/Za-male-borce_202102-1.jpg 377w\" sizes=\"auto, (max-width: 198px) 100vw, 198px\" \/>\u00a0\u00a0\u00a0\u00a0<\/a><\/p>\n<p>&nbsp;<\/p>\n<p style=\"text-align: center\"><a href=\"http:\/\/sola-poljane.splet.arnes.si\/files\/2021\/04\/Za-male-borce_202101-1.jpg\">\u00a0 \u00a0 \u00a0 \u00a0 \u00a0 \u00a0 \u00a0 \u00a0 \u00a0 \u00a0<img loading=\"lazy\" decoding=\"async\" class=\"alignnone size-medium wp-image-21686\" src=\"http:\/\/sola-poljane.splet.arnes.si\/files\/2021\/04\/Za-male-borce_202101-1-225x300.jpg\" alt=\"\" width=\"225\" height=\"300\" srcset=\"https:\/\/sola-poljane.splet.arnes.si\/files\/2021\/04\/Za-male-borce_202101-1-225x300.jpg 225w, https:\/\/sola-poljane.splet.arnes.si\/files\/2021\/04\/Za-male-borce_202101-1-41x55.jpg 41w, https:\/\/sola-poljane.splet.arnes.si\/files\/2021\/04\/Za-male-borce_202101-1.jpg 450w\" sizes=\"auto, (max-width: 225px) 100vw, 225px\" \/><\/a>\u00a0 \u00a0 \u00a0 \u00a0 \u00a0 \u00a0 \u00a0 \u00a0 \u00a0 \u00a0 \u00a0 \u00a0 \u00a0 \u00a0 \u00a0 \u00a0<a href=\"http:\/\/sola-poljane.splet.arnes.si\/files\/2021\/04\/Za-male-borce_202104.jpg\"><img loading=\"lazy\" decoding=\"async\" class=\"alignnone size-medium wp-image-21687\" src=\"http:\/\/sola-poljane.splet.arnes.si\/files\/2021\/04\/Za-male-borce_202104-285x300.jpg\" alt=\"\" width=\"285\" height=\"300\" srcset=\"https:\/\/sola-poljane.splet.arnes.si\/files\/2021\/04\/Za-male-borce_202104-285x300.jpg 285w, https:\/\/sola-poljane.splet.arnes.si\/files\/2021\/04\/Za-male-borce_202104-52x55.jpg 52w, https:\/\/sola-poljane.splet.arnes.si\/files\/2021\/04\/Za-male-borce_202104.jpg 519w\" sizes=\"auto, (max-width: 285px) 100vw, 285px\" \/><\/a><\/p>\n","protected":false},"excerpt":{"rendered":"<p>Tudi letos smo izpeljali akcijo ozave\u0161\u010danja o redkih boleznih, ki [&hellip;]<\/p>\n","protected":false},"author":56163,"featured_media":21683,"comment_status":"closed","ping_status":"open","sticky":false,"template":"","format":"standard","meta":{"ngg_post_thumbnail":0,"footnotes":""},"categories":[55,37,61],"tags":[],"class_list":["post-21679","post","type-post","status-publish","format-standard","has-post-thumbnail","hentry","category-dogajanje","category-natecaji","category-unesco"],"_links":{"self":[{"href":"https:\/\/sola-poljane.splet.arnes.si\/index.php?rest_route=\/wp\/v2\/posts\/21679","targetHints":{"allow":["GET"]}}],"collection":[{"href":"https:\/\/sola-poljane.splet.arnes.si\/index.php?rest_route=\/wp\/v2\/posts"}],"about":[{"href":"https:\/\/sola-poljane.splet.arnes.si\/index.php?rest_route=\/wp\/v2\/types\/post"}],"author":[{"embeddable":true,"href":"https:\/\/sola-poljane.splet.arnes.si\/index.php?rest_route=\/wp\/v2\/users\/56163"}],"replies":[{"embeddable":true,"href":"https:\/\/sola-poljane.splet.arnes.si\/index.php?rest_route=%2Fwp%2Fv2%2Fcomments&post=21679"}],"version-history":[{"count":6,"href":"https:\/\/sola-poljane.splet.arnes.si\/index.php?rest_route=\/wp\/v2\/posts\/21679\/revisions"}],"predecessor-version":[{"id":21694,"href":"https:\/\/sola-poljane.splet.arnes.si\/index.php?rest_route=\/wp\/v2\/posts\/21679\/revisions\/21694"}],"wp:featuredmedia":[{"embeddable":true,"href":"https:\/\/sola-poljane.splet.arnes.si\/index.php?rest_route=\/wp\/v2\/media\/21683"}],"wp:attachment":[{"href":"https:\/\/sola-poljane.splet.arnes.si\/index.php?rest_route=%2Fwp%2Fv2%2Fmedia&parent=21679"}],"wp:term":[{"taxonomy":"category","embeddable":true,"href":"https:\/\/sola-poljane.splet.arnes.si\/index.php?rest_route=%2Fwp%2Fv2%2Fcategories&post=21679"},{"taxonomy":"post_tag","embeddable":true,"href":"https:\/\/sola-poljane.splet.arnes.si\/index.php?rest_route=%2Fwp%2Fv2%2Ftags&post=21679"}],"curies":[{"name":"wp","href":"https:\/\/api.w.org\/{rel}","templated":true}]}}