{"id":21658,"date":"2021-04-14T06:56:58","date_gmt":"2021-04-14T04:56:58","guid":{"rendered":"http:\/\/sola-poljane.splet.arnes.si\/?p=21658"},"modified":"2021-04-14T06:57:24","modified_gmt":"2021-04-14T04:57:24","slug":"21658","status":"publish","type":"post","link":"https:\/\/sola-poljane.splet.arnes.si\/?p=21658","title":{"rendered":"Po poljanskih gri\u010dih &#8230;"},"content":{"rendered":"<p style=\"text-align: justify\">V tednu, ko so bili spet doma, so u\u010denci tretjega triletja opravili \u0161e en \u0161portni dan. Za \u0161portne aktivnosti na daljavo je vedno dobrodo\u0161el <span style=\"color: #3366ff\"><strong>pohod \u2013 ali v bli\u017eini doma ali kje drugje<\/strong><\/span>. \u0160e posebej razveseljivo je, da se teh pohodov pogosto udele\u017eijo <span style=\"color: #3366ff\">cele dru\u017eine<\/span> in skupne trenutke pre\u017eivijo kakovostno, na sve\u017eem zraku.<br \/>\nU\u010denke in u\u010denci so v okviru pohoda lahko opravili tudi <span style=\"color: #3366ff\">del\u00a0pohodni\u0161kega izziva ali pa del ob\u010dinskega pohodni\u0161kega kroga<\/span> in so ob tem zbirali \u017eige.<\/p>\n<p>Najve\u010d pa seveda povedo fotografije &#8211; vrhovi, razgledi, veseli otroci &#8230;<\/p>\n<p>&nbsp;<\/p>\nngg_shortcode_0_placeholder\n","protected":false},"excerpt":{"rendered":"<p>V tednu, ko so bili spet doma, so u\u010denci tretjega [&hellip;]<\/p>\n","protected":false},"author":56163,"featured_media":21661,"comment_status":"closed","ping_status":"open","sticky":false,"template":"","format":"standard","meta":{"ngg_post_thumbnail":0,"footnotes":""},"categories":[15,55],"tags":[],"class_list":["post-21658","post","type-post","status-publish","format-standard","has-post-thumbnail","hentry","category-dnevi-dejavnosti-2-triada","category-dogajanje"],"_links":{"self":[{"href":"https:\/\/sola-poljane.splet.arnes.si\/index.php?rest_route=\/wp\/v2\/posts\/21658","targetHints":{"allow":["GET"]}}],"collection":[{"href":"https:\/\/sola-poljane.splet.arnes.si\/index.php?rest_route=\/wp\/v2\/posts"}],"about":[{"href":"https:\/\/sola-poljane.splet.arnes.si\/index.php?rest_route=\/wp\/v2\/types\/post"}],"author":[{"embeddable":true,"href":"https:\/\/sola-poljane.splet.arnes.si\/index.php?rest_route=\/wp\/v2\/users\/56163"}],"replies":[{"embeddable":true,"href":"https:\/\/sola-poljane.splet.arnes.si\/index.php?rest_route=%2Fwp%2Fv2%2Fcomments&post=21658"}],"version-history":[{"count":3,"href":"https:\/\/sola-poljane.splet.arnes.si\/index.php?rest_route=\/wp\/v2\/posts\/21658\/revisions"}],"predecessor-version":[{"id":21662,"href":"https:\/\/sola-poljane.splet.arnes.si\/index.php?rest_route=\/wp\/v2\/posts\/21658\/revisions\/21662"}],"wp:featuredmedia":[{"embeddable":true,"href":"https:\/\/sola-poljane.splet.arnes.si\/index.php?rest_route=\/wp\/v2\/media\/21661"}],"wp:attachment":[{"href":"https:\/\/sola-poljane.splet.arnes.si\/index.php?rest_route=%2Fwp%2Fv2%2Fmedia&parent=21658"}],"wp:term":[{"taxonomy":"category","embeddable":true,"href":"https:\/\/sola-poljane.splet.arnes.si\/index.php?rest_route=%2Fwp%2Fv2%2Fcategories&post=21658"},{"taxonomy":"post_tag","embeddable":true,"href":"https:\/\/sola-poljane.splet.arnes.si\/index.php?rest_route=%2Fwp%2Fv2%2Ftags&post=21658"}],"curies":[{"name":"wp","href":"https:\/\/api.w.org\/{rel}","templated":true}]}}