{"id":21536,"date":"2021-03-25T12:58:21","date_gmt":"2021-03-25T11:58:21","guid":{"rendered":"http:\/\/sola-poljane.splet.arnes.si\/?p=21536"},"modified":"2021-03-25T12:58:21","modified_gmt":"2021-03-25T11:58:21","slug":"v-4-razredu-smo-spoznavali-pasti-interneta","status":"publish","type":"post","link":"https:\/\/sola-poljane.splet.arnes.si\/?p=21536","title":{"rendered":"V 4. razredu smo spoznavali pasti interneta"},"content":{"rendered":"<p style=\"text-align: justify\">V okviru <span style=\"color: #3366ff\"><strong>Programa NEON<\/strong> <\/span>smo <span style=\"color: #3366ff\">v 4. razredu<\/span> mati\u010dne in podru\u017eni\u010dne \u0161ole izvedli delavnice, kjer smo obravnavali <span style=\"color: #3366ff\">spletno nasilje<\/span> in tudi <span style=\"color: #3366ff\">spolno nadlegovanje<\/span>.<\/p>\n<p style=\"text-align: justify\"><strong><span style=\"color: #ff6600\">Star\u0161i \u010detrto\u0161olcev<\/span><\/strong> lahko o delavnicah svoje otroke povpra\u0161ate, kaj so se nau\u010dili, in z njimi ponovite strategije varnega obna\u0161anja na spletu.<\/p>\n<p style=\"text-align: justify\">Nau\u010dili smo se veliko novih stvari, u\u010diteljice in izvajalke ugotavljamo, da <span style=\"color: #3366ff\">ve\u010dina otrok dostopa do interneta<\/span>. Na na\u0161e presene\u010denje <span style=\"color: #3366ff\">ima precej otrok tudi \u017ee lasten pametni telefon<\/span>. Lahko se vpra\u0161amo, ali so dobili tudi vsa potrebna navodila. Smo jih nau\u010dili varno uporabljati telefon? Star\u0161e posku\u0161amo opremljati z informacijami, njihova naloga pa je, <span style=\"color: #3366ff\">da se z otroki pogovarjajo<\/span>. Opa\u017eamo, da velik del star\u0161ev na tem podro\u010dju naredi premalo in tako za varnost njihovih otrok ni dovolj poskrbljeno.<\/p>\n<p style=\"text-align: justify\">Opravili smo tudi <strong><span style=\"color: #ff6600\">dve anketi<\/span><\/strong>, v katerih ugotavljamo, da <span style=\"color: #ff6600\">ve\u010dina deset- oz. enajstletnikov uporablja splet<\/span> in <span style=\"color: #ff6600\">ve\u010d kot polovica ima svoj mobilni telefon<\/span>.<\/p>\n<p><strong>Oglejte si\u00a0 <span style=\"color: #ff6600\">REZULTATE ANKETE<\/span><\/strong> \u2013<span style=\"color: #ff6600\"> <strong><a style=\"color: #ff6600\" href=\"http:\/\/sola-poljane.splet.arnes.si\/files\/2021\/03\/Samo-anketa_1.pdf\">Anketa o rabi spleta<\/a><\/strong><\/span><\/p>\n<h6 style=\"text-align: center\"><a href=\"http:\/\/sola-poljane.splet.arnes.si\/files\/2021\/03\/dan-varne-rabe-interneta_safe.si.jpg\"><img loading=\"lazy\" decoding=\"async\" class=\"alignnone size-medium wp-image-21542 aligncenter\" src=\"http:\/\/sola-poljane.splet.arnes.si\/files\/2021\/03\/dan-varne-rabe-interneta_safe.si-300x191.jpg\" alt=\"\" width=\"300\" height=\"191\" srcset=\"https:\/\/sola-poljane.splet.arnes.si\/files\/2021\/03\/dan-varne-rabe-interneta_safe.si-300x191.jpg 300w, https:\/\/sola-poljane.splet.arnes.si\/files\/2021\/03\/dan-varne-rabe-interneta_safe.si-86x55.jpg 86w, https:\/\/sola-poljane.splet.arnes.si\/files\/2021\/03\/dan-varne-rabe-interneta_safe.si.jpg 320w\" sizes=\"auto, (max-width: 300px) 100vw, 300px\" \/><\/a><em>Vir: safe.si<\/em><\/h6>\n<p style=\"text-align: justify\"><strong>Naj povzamemo vsebino dogajanja na delavnicah, na katerih se izvajalke z otroki ob ogledu posnetkov in ob igri vlog pogovarjamo, kako se varno in spo\u0161tljivo obna\u0161ati pri uporabi spleta in telefona.<\/strong><\/p>\n<p style=\"text-align: justify\">Pri tem otroci aktivno sodelujejo s svojimi izku\u0161njami, ki so v\u010dasih zelo bogate, na \u017ealost pogosto v negativnem smislu. Opa\u017eamo, da se desetletniki na spletu obna\u0161ajo zelo <span style=\"color: #3366ff\">naivno<\/span>, so <span style=\"color: #3366ff\">preve\u010d zaupljivi<\/span>, zato nujno potrebujejo nazoren prikaz, kaj vse se jim lahko zgodi in kako v tak\u0161nem primeru ravnati. Sodelujejo tudi s svojimi predlogi in <span style=\"color: #000000\">idejami za re\u0161evanje nastale situacije, vendar njihovi zamisli navadno ne re\u0161ujejo problemov.<\/span> Enostavno ne vedo, kaj lahko v dolo\u010deni potencialno nevarni situaciji naredijo in ne prepoznavajo teh situacij. Skozi delavnice jih opremimo z informacijami, kako lahko ravnajo. <span style=\"color: #3366ff\">Odrasli smo odgovorni, da jih o tem pou\u010dimo, jim predamo informacije in opremimo<\/span>. Na delavnicah med drugim tudi poudarjamo, kako zelo pomembno je, <span style=\"color: #3366ff\">da o neprijetni izku\u0161nji povedo odrasli osebi<\/span>, ki ji zaupajo in jo prosijo za pomo\u010d.<\/p>\n<p style=\"text-align: justify\"><strong><span style=\"color: #3366ff\">Star\u0161i! \u0160e preden va\u0161 otrok za\u010dne uporabljati sodobne elektronske naprave in dostopati do spleta, ga nau\u010dite varne uporabe, hkrati pa mu <span style=\"color: #ff6600\">predstavite tako koristi kot nevarnosti interneta<\/span>.<\/span><\/strong><\/p>\n<ul>\n<li>\n<h6><em>Vir prikazne slike: otroci.e-ucenje.com<\/em><\/h6>\n<\/li>\n<\/ul>\n","protected":false},"excerpt":{"rendered":"<p>V okviru Programa NEON smo v 4. razredu mati\u010dne in [&hellip;]<\/p>\n","protected":false},"author":56163,"featured_media":21539,"comment_status":"closed","ping_status":"open","sticky":false,"template":"","format":"standard","meta":{"ngg_post_thumbnail":0,"footnotes":""},"categories":[35,55],"tags":[],"class_list":["post-21536","post","type-post","status-publish","format-standard","has-post-thumbnail","hentry","category-2-triletje","category-dogajanje"],"_links":{"self":[{"href":"https:\/\/sola-poljane.splet.arnes.si\/index.php?rest_route=\/wp\/v2\/posts\/21536","targetHints":{"allow":["GET"]}}],"collection":[{"href":"https:\/\/sola-poljane.splet.arnes.si\/index.php?rest_route=\/wp\/v2\/posts"}],"about":[{"href":"https:\/\/sola-poljane.splet.arnes.si\/index.php?rest_route=\/wp\/v2\/types\/post"}],"author":[{"embeddable":true,"href":"https:\/\/sola-poljane.splet.arnes.si\/index.php?rest_route=\/wp\/v2\/users\/56163"}],"replies":[{"embeddable":true,"href":"https:\/\/sola-poljane.splet.arnes.si\/index.php?rest_route=%2Fwp%2Fv2%2Fcomments&post=21536"}],"version-history":[{"count":5,"href":"https:\/\/sola-poljane.splet.arnes.si\/index.php?rest_route=\/wp\/v2\/posts\/21536\/revisions"}],"predecessor-version":[{"id":21544,"href":"https:\/\/sola-poljane.splet.arnes.si\/index.php?rest_route=\/wp\/v2\/posts\/21536\/revisions\/21544"}],"wp:featuredmedia":[{"embeddable":true,"href":"https:\/\/sola-poljane.splet.arnes.si\/index.php?rest_route=\/wp\/v2\/media\/21539"}],"wp:attachment":[{"href":"https:\/\/sola-poljane.splet.arnes.si\/index.php?rest_route=%2Fwp%2Fv2%2Fmedia&parent=21536"}],"wp:term":[{"taxonomy":"category","embeddable":true,"href":"https:\/\/sola-poljane.splet.arnes.si\/index.php?rest_route=%2Fwp%2Fv2%2Fcategories&post=21536"},{"taxonomy":"post_tag","embeddable":true,"href":"https:\/\/sola-poljane.splet.arnes.si\/index.php?rest_route=%2Fwp%2Fv2%2Ftags&post=21536"}],"curies":[{"name":"wp","href":"https:\/\/api.w.org\/{rel}","templated":true}]}}