{"id":21121,"date":"2021-01-29T09:43:31","date_gmt":"2021-01-29T08:43:31","guid":{"rendered":"http:\/\/sola-poljane.splet.arnes.si\/?p=21121"},"modified":"2021-01-29T09:45:36","modified_gmt":"2021-01-29T08:45:36","slug":"raziskovali-smo-svoje-kompetence-in-spoznavali-srednje-sole","status":"publish","type":"post","link":"https:\/\/sola-poljane.splet.arnes.si\/?p=21121","title":{"rendered":"Raziskovali smo svoje kompetence in spoznavali srednje \u0161ole"},"content":{"rendered":"<p style=\"text-align: justify\">V torek, 26. 1. 2021, je na na\u0161i \u0161oli potekal <span style=\"color: #ff6600\"><strong>VIRTUALNI KARIERNI DAN<\/strong><\/span>. Dogodek je bil namenjen deveto\u0161olcem, pridru\u017eili so se jim tudi osmo\u0161olci, star\u0161i in nekateri drugi mladi.<\/p>\n<p style=\"text-align: justify\">V delavnici <strong><span style=\"color: #ff6600\">&#8216;Razi\u0161\u010di svoje kompetence&#8217;<\/span> <\/strong>so se mladi seznanili s svojimi kompetencami in spoznavali, kako pomembne so za njihovo nadaljnjo karierno pot.<\/p>\n<p style=\"text-align: justify\"><span style=\"color: #3366ff\"><strong>V nadaljevanju so se nam predstavile naslednje \u0161ole:<\/strong><\/span><\/p>\n<ul style=\"text-align: justify\">\n<li>Biotehni\u0161ki center Naklo<\/li>\n<li>Gimnazija Franceta Pre\u0161erna, Kranj<\/li>\n<li>Gimnazija \u0160kofja Loka<\/li>\n<li>Srednja \u0161ola Jesenice<\/li>\n<li>Srednja \u0161ola za oblikovanje in fotografijo Ljubljana<\/li>\n<li>\u0160kofijska klasi\u010dna gimnazija<\/li>\n<li>\u0160olski center Kranj, Srednja tehni\u0161ka \u0161ola<\/li>\n<li>\u0160olski center \u0160kofja Loka Srednja \u0161ola za lesarstvo, \u0160k. Loka<\/li>\n<li>\u0160olski center \u0160kofja Loka Srednja \u0161ola za strojni\u0161tvo, \u0160k. Loka<\/li>\n<\/ul>\n<p style=\"text-align: center\"><span style=\"color: #000080\"><strong>*********************************************<\/strong><\/span><\/p>\n<p>&nbsp;<\/p>\n<p style=\"text-align: justify\"><span style=\"color: #000080\"><strong>Deveto\u0161olci so na koncu ugotavljali, kako zanimiv in koristen se jim je zdel ta dogodek.<\/strong><\/span><\/p>\n<p style=\"text-align: center\"><span style=\"color: #ff6600\"><strong>Tehni\u0161ki dan se je zdel koristen za njihovo poklicno iz<span style=\"color: #ff6600\">biro <\/span>35 u\u010denkam in u\u010dencem, petim pa ne.<\/strong><\/span><a href=\"http:\/\/sola-poljane.splet.arnes.si\/files\/2021\/01\/slika-1.png\"><img loading=\"lazy\" decoding=\"async\" class=\"size-full wp-image-21141 aligncenter\" src=\"http:\/\/sola-poljane.splet.arnes.si\/files\/2021\/01\/slika-1.png\" alt=\"\" width=\"380\" height=\"257\" srcset=\"https:\/\/sola-poljane.splet.arnes.si\/files\/2021\/01\/slika-1.png 380w, https:\/\/sola-poljane.splet.arnes.si\/files\/2021\/01\/slika-1-300x203.png 300w, https:\/\/sola-poljane.splet.arnes.si\/files\/2021\/01\/slika-1-81x55.png 81w, https:\/\/sola-poljane.splet.arnes.si\/files\/2021\/01\/slika-1-84x56.png 84w\" sizes=\"auto, (max-width: 380px) 100vw, 380px\" \/><\/a><\/p>\n<p style=\"text-align: center\"><span style=\"color: #ff6600\"><strong>31 u\u010dencev in u\u010denk je dobilo informacije o poklicih, ki jih zanimajo, 9 pa \u017eal ne.<\/strong><\/span><a href=\"http:\/\/sola-poljane.splet.arnes.si\/files\/2021\/01\/slika.png\"><img loading=\"lazy\" decoding=\"async\" class=\"size-full wp-image-21139 aligncenter\" src=\"http:\/\/sola-poljane.splet.arnes.si\/files\/2021\/01\/slika.png\" alt=\"\" width=\"408\" height=\"262\" srcset=\"https:\/\/sola-poljane.splet.arnes.si\/files\/2021\/01\/slika.png 408w, https:\/\/sola-poljane.splet.arnes.si\/files\/2021\/01\/slika-300x193.png 300w, https:\/\/sola-poljane.splet.arnes.si\/files\/2021\/01\/slika-86x55.png 86w\" sizes=\"auto, (max-width: 408px) 100vw, 408px\" \/><\/a><\/p>\n<p>&nbsp;<\/p>\n<h4 style=\"text-align: justify\"><span style=\"color: #000080\"><strong><span style=\"text-decoration: underline\">Preberite, kaj so nekateri u\u010denci in u\u010denke zapisali<\/span>.<br \/>\n<\/strong><\/span><\/h4>\n<h6 style=\"text-align: justify\"><span style=\"color: #000000\">*** Viri vseh spodnjih fotografij so posnetki zaslona delavnice &#8216;Razi\u0161\u010di svoje kompetence&#8217; (O\u0160 Poljane, 26. 1. 2021, Polona Zupan)<\/span><\/h6>\n<p style=\"text-align: justify\"><em>Dana\u0161nje predstavitve so bile dobre. Zdele so se mi koristne in v pomo\u010d. \u0160e posebej prve tri, vsaj zame. Lahko pa tudi re\u010dem, da so bile nekatere predstavitve lani veliko bolj\u0161e in bolj natan\u010dne kot letos, saj so bile v \u017eivo. Poklic prihodnosti je zame poklic v zvezi z elektriko, ra\u010dunalni\u0161tvom. To pa zato, ker se tak\u0161ne naprave veliko bolj uporabljajo. V\u0161e\u010d mi je, da na\u0161a \u0161ola organizira tak\u0161ne predstavitve. Zaradi predstavitev se bom la\u017ee odlo\u010dil, na katero \u0161olo se bom vpisal.<\/em><\/p>\n<p style=\"text-align: justify\"><em><strong>Erazem Kr\u017ei\u0161nik<\/strong><\/em><\/p>\n<p>&nbsp;<\/p>\n<p><a href=\"http:\/\/sola-poljane.splet.arnes.si\/files\/2021\/01\/TD_9r_poklici_202102-1.jpg\"><img loading=\"lazy\" decoding=\"async\" class=\"wp-image-21154 aligncenter\" src=\"http:\/\/sola-poljane.splet.arnes.si\/files\/2021\/01\/TD_9r_poklici_202102-1.jpg\" alt=\"\" width=\"595\" height=\"335\" srcset=\"https:\/\/sola-poljane.splet.arnes.si\/files\/2021\/01\/TD_9r_poklici_202102-1.jpg 800w, https:\/\/sola-poljane.splet.arnes.si\/files\/2021\/01\/TD_9r_poklici_202102-1-300x169.jpg 300w, https:\/\/sola-poljane.splet.arnes.si\/files\/2021\/01\/TD_9r_poklici_202102-1-768x432.jpg 768w, https:\/\/sola-poljane.splet.arnes.si\/files\/2021\/01\/TD_9r_poklici_202102-1-98x55.jpg 98w, https:\/\/sola-poljane.splet.arnes.si\/files\/2021\/01\/TD_9r_poklici_202102-1-624x351.jpg 624w\" sizes=\"auto, (max-width: 595px) 100vw, 595px\" \/><\/a><\/p>\n<p>&nbsp;<\/p>\n<p style=\"text-align: justify\"><em>Ta dan se mi je zdel zelo zanimiv, predvsem zato, ker sem se udele\u017eila predstavitev \u0161ol, ki so me dejansko zanimale (kljub temu, da sem \u017ee odlo\u010dena, kam se bom vpisala). Izvedela sem informacije tudi o maturi. O samih poklicih nisem izvedela toliko, ker po gimnaziji \u0161e nima\u0161 poklica in se na predstavitvah skorajda nismo pogovarjali o tem. Mislim, da so poklici prihodnosti vsi poklici v zvezi s sodobno elektrotehniko, saj je tega vse ve\u010d na vseh podro\u010djih. Mene veseli poklic prevajalke ali lektorja (kaj v zvezi z angle\u0161\u010dino ali sloven\u0161\u010dino). Znanje jezikov se mi zdi na splo\u0161no pomembno, ker ljudje vse ve\u010d potujejo in sodelujejo s podjetji iz drugih dr\u017eav. Na ta na\u010din se lahko bolje sporazumevamo. Vseeno pa mislim, da je svet danes tako razvit, da obstajajo in so pomembni poklici vseh vrst.<\/em><\/p>\n<p style=\"text-align: justify\"><em><strong>Iza Benedi\u010di\u010d<\/strong><\/em><\/p>\n<p>&nbsp;<\/p>\n<p style=\"text-align: justify\"><em>Najbolj mi je bila v\u0161e\u010d predstavitev strojne \u0161ole, ker je bila najbolj pregledna. Tudi ostale predstavitve niso bile slabe, ampak me niso toliko zanimale. V\u0161e\u010d mi je bila tudi lesna \u0161ola. Lani nisem bil na predstavitvah v \u017eivo, vendar mislim, da niso bile ni\u010d slab\u0161e. Lahko bi bila dalj\u0161a pavza med predstavitvami. Ponekod je bila pavza pol kraj\u0161a kot bi morala biti. Mislim, da je poklic prihodnosti mehatronika. Najbolj me zanimata poklic orodjar in strojni tehnik. \u0160e vedno ne vem, ali bi raje \u0161el na tehni\u0161ko ali bi \u0161el raje najprej na poklicno in potem na tehni\u0161ko. V soboto grem na ogled v podjetje Lovran, ki se ukvarja z izdelavo strojev. Upam, da se bom potem la\u017eje odlo\u010dil.<\/em><\/p>\n<p style=\"text-align: justify\"><strong><em>Nejc Milinovi\u010d<\/em><\/strong><\/p>\n<p>&nbsp;<\/p>\n<p style=\"text-align: justify\"><em>Najbolj sta mi bili v\u0161e\u010d strojna ter lesna \u0161ola. Predstavitev Biotehni\u0161kega centra Naklo mi ni bil tako v\u0161e\u010d. O \u0161olah, ki me zanimajo, sem izvedel veliko novih stvari, prav tako tudi o ostalih. Do sedaj me lesna \u0161ola ni privla\u010dila, po teh razlagah pa me zanima veliko bolj. Zaradi teh razlag se bom la\u017ee odlo\u010dil za srednjo \u0161olo. V prihodnosti si \u017eelim biti orodjar ali pa kar koli v zvezi z obdelovanjem lesa. V srednji \u0161oli bi rad imel \u010dim ve\u010d prakse.<\/em><\/p>\n<p style=\"text-align: justify\"><em><strong>Patrik Dolinar<\/strong><\/em><\/p>\n<p>&nbsp;<\/p>\n<p><a href=\"http:\/\/sola-poljane.splet.arnes.si\/files\/2021\/01\/TD_9r_poklici_202103-1.jpg\"><img loading=\"lazy\" decoding=\"async\" class=\"wp-image-21155 aligncenter\" src=\"http:\/\/sola-poljane.splet.arnes.si\/files\/2021\/01\/TD_9r_poklici_202103-1.jpg\" alt=\"\" width=\"585\" height=\"382\" srcset=\"https:\/\/sola-poljane.splet.arnes.si\/files\/2021\/01\/TD_9r_poklici_202103-1.jpg 800w, https:\/\/sola-poljane.splet.arnes.si\/files\/2021\/01\/TD_9r_poklici_202103-1-300x196.jpg 300w, https:\/\/sola-poljane.splet.arnes.si\/files\/2021\/01\/TD_9r_poklici_202103-1-768x502.jpg 768w, https:\/\/sola-poljane.splet.arnes.si\/files\/2021\/01\/TD_9r_poklici_202103-1-84x56.jpg 84w, https:\/\/sola-poljane.splet.arnes.si\/files\/2021\/01\/TD_9r_poklici_202103-1-624x408.jpg 624w\" sizes=\"auto, (max-width: 585px) 100vw, 585px\" \/><\/a><\/p>\n<p>&nbsp;<\/p>\n<p style=\"text-align: justify\"><em>Dana\u0161nji dan se mi ni zdel zelo informativen. \u017delela bi si ve\u010d \u0161ol, da bi deveto\u0161olci imeli la\u017ejo izbiro. Vendar sem vesela, da sem si ogledala tudi te \u0161ole. Dobro je, ker lahko primerjam njihove programe, da si la\u017ee izberem. Ni mi v\u0161e\u010d, ker vsi povejo samo dobre plati \u0161ole, ne pa dejansko, koliko se je treba u\u010diti in kako zahtevna je \u0161ola. Morali bi prikazati bolj realne slike pouka. Predstavitve so se mi zdele bolj povr\u0161ne, saj je bilo malo \u010dasa. Bolj bi mi bilo v\u0161e\u010d, \u010de bi se videli v \u017eivo, ker preko telefona ne dobim realne slike. Poklici prihodnosti se mi zdijo: zdravniki, poklici povezani z naravo, lepoto, hrano, prometom in storitvene dejavnosti. Izbrala sem si kozmeti\u010dno \u0161olo, saj se mi zdi zanimiv pouk, to me zanima in zdi se mi, da je to najbolj\u0161a izbira zame. Ta poklic mi je v\u0161e\u010d, ker ima stike z ljudmi, je povezan z lepoto in ker lahko na nek na\u010din tudi pomaga\u0161 ljudem.<\/em><\/p>\n<p style=\"text-align: justify\"><em><strong>Lena Pintar<\/strong><\/em><\/p>\n<p>&nbsp;<\/p>\n<p style=\"text-align: justify\"><em>Predstavitev na daljavo je bila zanimiva, nekateri so se zelo potrudili, nekateri malo manj. Na nekaterih predavanjih sem se malo dolgo\u010dasila, saj me ni prav ni\u010d ni zanimalo, ampak sem morala iti, ker je bilo obvezno. In ja, razumem, zakaj je bilo obvezno. Mi je seveda bila lanska izvedba predavanj bolj v\u0161e\u010d, ampak kaj moremo, ko nam tega ne dopu\u0161\u010dajo okoli\u0161\u010dine. Sama bom \u0161la na Srednjo ekonomsko, storitveno in gradbeno \u0161olo Kranj, ki sem si jo ogledala \u017ee nekaj tednov pred tem, saj je danes ni bilo na voljo. Na to \u0161olo (smer administrator) bom \u0161la zato, ker me to zelo zanima. In celo mislim, da bi ta poklic bil lahko poklic prihodnosti. Vse ve\u010d bo tovarn, podjetij, trgovin \u2026 in ta poklic bo priljubljen. Za name\u010dek pa bo \u0161e zelo dobro pla\u010dan in v \u017eivljenju denar zelo prav pride.<\/em><\/p>\n<p style=\"text-align: justify\"><em><strong>Nina \u0160ink<\/strong><\/em><\/p>\n<p>&nbsp;<\/p>\n<p><a href=\"http:\/\/sola-poljane.splet.arnes.si\/files\/2021\/01\/TD_9r_poklici_202104-1.jpg\"><img loading=\"lazy\" decoding=\"async\" class=\"wp-image-21156 aligncenter\" src=\"http:\/\/sola-poljane.splet.arnes.si\/files\/2021\/01\/TD_9r_poklici_202104-1.jpg\" alt=\"\" width=\"453\" height=\"296\" srcset=\"https:\/\/sola-poljane.splet.arnes.si\/files\/2021\/01\/TD_9r_poklici_202104-1.jpg 660w, https:\/\/sola-poljane.splet.arnes.si\/files\/2021\/01\/TD_9r_poklici_202104-1-300x196.jpg 300w, https:\/\/sola-poljane.splet.arnes.si\/files\/2021\/01\/TD_9r_poklici_202104-1-84x56.jpg 84w, https:\/\/sola-poljane.splet.arnes.si\/files\/2021\/01\/TD_9r_poklici_202104-1-624x407.jpg 624w\" sizes=\"auto, (max-width: 453px) 100vw, 453px\" \/><\/a><\/p>\n<p>&nbsp;<\/p>\n<p style=\"text-align: justify\"><em>Dana\u0161nji tehni\u0161ki dan mi je bil zelo v\u0161e\u010d, saj sem lahko na kratko izvedela razli\u010dne informacije o srednjih \u0161olah. \u010ceprav \u017ee vem, kam se bom vpisala, mi je bilo \u0161e vedno zanimivo poslu\u0161ati predstavitve razli\u010dnih \u0161ol in jih primerjati med sabo. \u010ceprav je bilo prek ZOOMa, se mi zdi, da so se \u0161ole zelo potrudile in da smo dobili dobro predstavo o srednjih \u0161olah. Najbr\u017e bi bilo sploh za kak\u0161ne poklicne \u0161ole bolje v \u017eivo. Lani sicer nisem bila na predstavitvi srednjih \u0161ol. Zaenkrat \u0161e ne vem, kak\u0161en poklic bi rada opravljala. Najbr\u017e kaj takega, kjer si lahko samoiniciativen in dela\u0161 z ljudmi. Mislim, da bom preko gimnazije \u0161e ugotovila, kaj me najbolj zanima, in se potem odlo\u010dila za poklic (kajti trenutno me zanima kar veliko stvari). Poklici prihodnosti pa bodo po mojem mnenju kak\u0161ni zdravstveni delavci, delavci v domovih za starej\u0161e (saj tega dela ne morejo nadomestiti stroji), poklici v zvezi s sodobno tehnologijo \u2026<\/em><\/p>\n<p style=\"text-align: justify\"><em><strong>Barbara Kr\u017ei\u0161nik<\/strong><\/em><\/p>\n<p>&nbsp;<\/p>\n<p style=\"text-align: justify\"><em>Ta dan se mi je zdel zelo pou\u010den. Izvedel sem veliko novih stvari. Zaradi dobrih razlag sem se \u017ee odlo\u010dil, kam bom \u0161el. Zelo mi je bila v\u0161e\u010d \u0161ola za strojni\u0161tvo. V prihodnosti bi rad naredil \u0161olo za avtomehanika in se vpisal \u0161e na &#8216;tri plus dva&#8217;. Rad bi se zaposlil v bli\u017enji delavnici. Rad bi popravljal motorje ter avte. Poklic prihodnosti se mi zdi programer.<\/em><\/p>\n<p style=\"text-align: justify\"><em><strong>Tine Debeljak<\/strong><\/em><\/p>\n<p>&nbsp;<\/p>\n<p><a href=\"http:\/\/sola-poljane.splet.arnes.si\/files\/2021\/01\/TD_9r_poklici_202105-1.jpg\"><img loading=\"lazy\" decoding=\"async\" class=\"wp-image-21157 aligncenter\" src=\"http:\/\/sola-poljane.splet.arnes.si\/files\/2021\/01\/TD_9r_poklici_202105-1.jpg\" alt=\"\" width=\"533\" height=\"389\" srcset=\"https:\/\/sola-poljane.splet.arnes.si\/files\/2021\/01\/TD_9r_poklici_202105-1.jpg 701w, https:\/\/sola-poljane.splet.arnes.si\/files\/2021\/01\/TD_9r_poklici_202105-1-300x219.jpg 300w, https:\/\/sola-poljane.splet.arnes.si\/files\/2021\/01\/TD_9r_poklici_202105-1-75x55.jpg 75w, https:\/\/sola-poljane.splet.arnes.si\/files\/2021\/01\/TD_9r_poklici_202105-1-624x456.jpg 624w\" sizes=\"auto, (max-width: 533px) 100vw, 533px\" \/><\/a><\/p>\n<p>&nbsp;<\/p>\n<p style=\"text-align: justify\"><em><span style=\"color: #000000\">Tehni\u0161ki dan je bil zelo zanimiv in koristen, saj sem izvedela ve\u010d o \u0161olah in programih, ki se izvajajo na \u0161olah. Veliko novega sem izvedela o kompetencah. Izvedela sem, kaj imajo delodajalci radi in s kak\u0161nimi kompetencami bo\u0161 hitreje dobil slu\u017ebo. Predstavitve so bile zelo pozitivno in predvsem natan\u010dno predstavljene. \u017de prej\u0161nje leto sem se udele\u017eila predstavitve \u0161ol, vendar v \u017eivo. Zdi se mi, da \u010deprav je letos vse potekalo preko videosre\u010danja, sem vseeno dobila zadostne informacije o \u0161olah. Zdi se mi, da je vsak poklic lahko poklic prihodnosti, saj zato obstaja. V svoji prihodnosti bi rada pomagala in osre\u010devala ljudi. Zato se odlo\u010dam za poklic srednje medicinske sestre. Ta poklic se mi zdi zelo sr\u010den.<\/span><\/em><\/p>\n<p style=\"text-align: justify\"><em><strong><span style=\"color: #000000\">Manca Buh<\/span><\/strong><\/em><\/p>\n<p>&nbsp;<\/p>\n<p style=\"text-align: justify\"><em>Dana\u0161nji dan se mi je zdel zelo zanimiv. Izvedela sem veliko novih informacij. \u010ce primerjam leto\u0161nje in lanske predstavitve, so bile kar podobne. Zame ni bilo velike razlike, razen to, da smo bili doma. Predstavitve pa so bile vseeno odli\u010dne. Poklici prihodnosti se mi zdijo poklici, ki pri delu uporabljajo ra\u010dunalnike oziroma moderno tehnologijo. To pa zato, ker se zdaj vedno ve\u010d uporablja moderna tehnologija. Jaz bi rada v svojem poklicu po\u010dela nekaj zanimivega. Rada bi po\u010dela nekaj takega, kar bi mi tudi doma koristilo. Torej nekaj v zvezi s hrano.<\/em><\/p>\n<p style=\"text-align: justify\"><em><strong>Maja Peternel<\/strong><\/em><\/p>\n<p>&nbsp;<\/p>\n<p style=\"text-align: justify\"><em>Za srednjo \u0161olo sem se odlo\u010dil \u017ee prej. Zato se mi tehni\u0161ki dan ni zdel tako zelo zanimiv. Seveda sem \u00a0dobil nekaj informacij o \u0161olah, a to ni vplivalo na mojo izbiro. Najbolj zanimivo predstavitev je imel \u0160olski center Kranj. Predstavitve \u0161ol so precej druga\u010dne v \u017eivo. Tam izve\u0161 ve\u010d stvari in si vse la\u017ee predstavlja\u0161. Moj poklic bo verjetno mizar. Ne razmi\u0161ljam o dalj\u0161i zaposlitvi v podjetjih, ampak bi rad imel s. p.<\/em><\/p>\n<p style=\"text-align: justify\"><em><strong>Tobija \u0160talec<\/strong><\/em><\/p>\n<p>&nbsp;<\/p>\n<p><a href=\"http:\/\/sola-poljane.splet.arnes.si\/files\/2021\/01\/TD_9r_poklici_202101-1.jpg\"><img loading=\"lazy\" decoding=\"async\" class=\"wp-image-21159 aligncenter\" src=\"http:\/\/sola-poljane.splet.arnes.si\/files\/2021\/01\/TD_9r_poklici_202101-1.jpg\" alt=\"\" width=\"508\" height=\"267\" srcset=\"https:\/\/sola-poljane.splet.arnes.si\/files\/2021\/01\/TD_9r_poklici_202101-1.jpg 780w, https:\/\/sola-poljane.splet.arnes.si\/files\/2021\/01\/TD_9r_poklici_202101-1-300x158.jpg 300w, https:\/\/sola-poljane.splet.arnes.si\/files\/2021\/01\/TD_9r_poklici_202101-1-768x404.jpg 768w, https:\/\/sola-poljane.splet.arnes.si\/files\/2021\/01\/TD_9r_poklici_202101-1-105x55.jpg 105w, https:\/\/sola-poljane.splet.arnes.si\/files\/2021\/01\/TD_9r_poklici_202101-1-624x328.jpg 624w\" sizes=\"auto, (max-width: 508px) 100vw, 508px\" \/><\/a><\/p>\n<p>&nbsp;<\/p>\n<p style=\"text-align: justify\"><em>\u010ceprav sem se \u017ee lani udele\u017eil informativnih dni, sem letos vseeno izvedel veliko novega. Sedaj sem \u017ee skoraj odlo\u010den, na katero \u0161olo se bom vpisal. Dana\u0161nji dan mi je zagotovo pri\u0161el prav, saj sem lahko izvedel stvari, ki jih ni mogo\u010de prebrati na spletu. Zanimivo je bilo tudi poslu\u0161ati dijake, saj podajo druga\u010dno informacijo kot u\u010ditelji. Bolje se mi je zdelo lani, saj smo videli tudi \u0161ole. Upam, da bomo imeli mo\u017enost informativnih dni tudi v \u017eivo na \u0161olah, saj tako spozna\u0161 tudi okolje \u0161ole. Poklici prihodnosti se mi zdijo tisti, ki zahtevajo tudi malo ve\u010d ro\u010dnega dela.<\/em><\/p>\n<p style=\"text-align: justify\"><em><strong>Bla\u017e Oblak<\/strong><\/em><\/p>\n<p>&nbsp;<\/p>\n<p style=\"text-align: justify\"><em>Dana\u0161nji tehni\u0161ki dan se mi je zdel kot \u0161ir\u0161i vpogled v stvari, ki jih rad delam, in stvari, ki si jih \u017eelim delati v poklicu. \u017de pri prvi uri sem ugotovil, da bom za\u010del \u010dim bolj trenirati kompetence, ki jih bom potlej tudi rabil v svojem poklicu. Letos sem se odlo\u010dil, da bom treniral odgovornost, zanesljivost in nem\u0161ki jezik kot kompetence. Pri ostalih predstavitvah se je spremenilo veliko stvari, saj so morale predstavitve potekati preko zooma namesto v \u017eivo. \u010ce primerjam z lanskim letom, se je izredno spremenil program, saj ni bilo videti veliko stvari. Zato mislim, da so bili film\u010dki in slikovite predstavitve \u0161e posebej dobrodo\u0161li. Prek videokonference se mi je bilo zelo te\u017eko skoncentrirati na toliko razli\u010dnih informacij in zato je bilo tudi zelo te\u017eko postavljati vpra\u0161anja. Vendar pa sem kljub temu po tem tehni\u0161kem dnevu bolj odlo\u010den za poklic, ki ga ho\u010dem opravljati.<\/em><\/p>\n<p style=\"text-align: justify\"><em><strong>David Omejc<\/strong><\/em><\/p>\n<p>&nbsp;<\/p>\n<p><a href=\"http:\/\/sola-poljane.splet.arnes.si\/files\/2021\/01\/TD_9r_poklici_202106-1.jpg\"><img loading=\"lazy\" decoding=\"async\" class=\"wp-image-21158 aligncenter\" src=\"http:\/\/sola-poljane.splet.arnes.si\/files\/2021\/01\/TD_9r_poklici_202106-1.jpg\" alt=\"\" width=\"510\" height=\"279\" srcset=\"https:\/\/sola-poljane.splet.arnes.si\/files\/2021\/01\/TD_9r_poklici_202106-1.jpg 784w, https:\/\/sola-poljane.splet.arnes.si\/files\/2021\/01\/TD_9r_poklici_202106-1-300x164.jpg 300w, https:\/\/sola-poljane.splet.arnes.si\/files\/2021\/01\/TD_9r_poklici_202106-1-768x420.jpg 768w, https:\/\/sola-poljane.splet.arnes.si\/files\/2021\/01\/TD_9r_poklici_202106-1-101x55.jpg 101w, https:\/\/sola-poljane.splet.arnes.si\/files\/2021\/01\/TD_9r_poklici_202106-1-624x341.jpg 624w\" sizes=\"auto, (max-width: 510px) 100vw, 510px\" \/><\/a><\/p>\n<p>&nbsp;<\/p>\n<p style=\"text-align: justify\"><em>Tehni\u0161ki dan mi je bil zelo v\u0161e\u010d, ker sem izvedel stvari, ki jih nisem vedel. \u017dal lansko leto nisem gledal \u0161ol v \u017eivo. Bila je zelo dobra izku\u0161nja. Potek je bil zelo zanimiv. Rad bi pripomnil, da so bile nekatere predstavitve predolge. Dobro je bilo, da so bile predstavitve dolge pol ure, ker sem tako ostal pozoren \u010dez celo predstavitev.<\/em><\/p>\n<p style=\"text-align: justify\"><em><strong>Luka Mo\u017eina<\/strong><\/em><\/p>\n<p>&nbsp;<\/p>\n<p style=\"text-align: justify\"><em>Tehni\u0161ki dan se mi je zdel zanimiv, \u010deprav mi je bil lanski bolj v\u0161e\u010d, ker ni bil na daljavo. Izvedela sem veliko novih informacij za srednjo \u0161olo, ki sem si jo izbrala. Te informacije mi bodo v pomo\u010d, da si la\u017eje predstavljam delo na srednji \u0161oli. Za svojo smer sem si izbrala \u017eivilsko-prehranskega tehnika, na srednji \u0161oli Biotehni\u0161ki center Naklo. Ta poklic se mi zdi primeren zame, saj me veseli delo s hrano pa tudi delo na kmetiji. Lani sem si \u017eelela iti tudi na dneve odprtih vrat, a to ni bilo mogo\u010de. Upam, da bo letos druga\u010de. Predstavitve so bile zelo dobre in vse je bilo dobro predstavljeno.<\/em><\/p>\n<p style=\"text-align: justify\"><em><strong>Taja Lesjak<\/strong><\/em><\/p>\n<p>&nbsp;<\/p>\n","protected":false},"excerpt":{"rendered":"<p>V torek, 26. 1. 2021, je na na\u0161i \u0161oli potekal [&hellip;]<\/p>\n","protected":false},"author":56163,"featured_media":21155,"comment_status":"closed","ping_status":"open","sticky":false,"template":"","format":"standard","meta":{"ngg_post_thumbnail":0,"footnotes":""},"categories":[39,15,55],"tags":[],"class_list":["post-21121","post","type-post","status-publish","format-standard","has-post-thumbnail","hentry","category-3-triletje","category-dnevi-dejavnosti-2-triada","category-dogajanje"],"_links":{"self":[{"href":"https:\/\/sola-poljane.splet.arnes.si\/index.php?rest_route=\/wp\/v2\/posts\/21121","targetHints":{"allow":["GET"]}}],"collection":[{"href":"https:\/\/sola-poljane.splet.arnes.si\/index.php?rest_route=\/wp\/v2\/posts"}],"about":[{"href":"https:\/\/sola-poljane.splet.arnes.si\/index.php?rest_route=\/wp\/v2\/types\/post"}],"author":[{"embeddable":true,"href":"https:\/\/sola-poljane.splet.arnes.si\/index.php?rest_route=\/wp\/v2\/users\/56163"}],"replies":[{"embeddable":true,"href":"https:\/\/sola-poljane.splet.arnes.si\/index.php?rest_route=%2Fwp%2Fv2%2Fcomments&post=21121"}],"version-history":[{"count":10,"href":"https:\/\/sola-poljane.splet.arnes.si\/index.php?rest_route=\/wp\/v2\/posts\/21121\/revisions"}],"predecessor-version":[{"id":21162,"href":"https:\/\/sola-poljane.splet.arnes.si\/index.php?rest_route=\/wp\/v2\/posts\/21121\/revisions\/21162"}],"wp:featuredmedia":[{"embeddable":true,"href":"https:\/\/sola-poljane.splet.arnes.si\/index.php?rest_route=\/wp\/v2\/media\/21155"}],"wp:attachment":[{"href":"https:\/\/sola-poljane.splet.arnes.si\/index.php?rest_route=%2Fwp%2Fv2%2Fmedia&parent=21121"}],"wp:term":[{"taxonomy":"category","embeddable":true,"href":"https:\/\/sola-poljane.splet.arnes.si\/index.php?rest_route=%2Fwp%2Fv2%2Fcategories&post=21121"},{"taxonomy":"post_tag","embeddable":true,"href":"https:\/\/sola-poljane.splet.arnes.si\/index.php?rest_route=%2Fwp%2Fv2%2Ftags&post=21121"}],"curies":[{"name":"wp","href":"https:\/\/api.w.org\/{rel}","templated":true}]}}