{"id":20667,"date":"2020-12-18T04:40:02","date_gmt":"2020-12-18T03:40:02","guid":{"rendered":"http:\/\/sola-poljane.splet.arnes.si\/?p=20667"},"modified":"2020-12-19T07:11:50","modified_gmt":"2020-12-19T06:11:50","slug":"zmagovalni-izdelki-natecaja-plakat-miru","status":"publish","type":"post","link":"https:\/\/sola-poljane.splet.arnes.si\/?p=20667","title":{"rendered":"Zmagovalni izdelki nate\u010daja Plakat miru"},"content":{"rendered":"<h6><span style=\"color: #ff6600\"><strong>* <\/strong><\/span><em>Naslovna fotografija predstavlja logotip <span style=\"color: #3366ff\"><strong>Zveze Lions klubov, distrikt 129, Slovenij<\/strong><strong>a<\/strong><\/span>, ki je nosilec projekta <strong><span style=\"color: #ff6600\">Plakat miru.<\/span><\/strong><\/em><\/h6>\n<p style=\"text-align: justify\">Plakat miru 2020 je prinesel veselje v na\u0161o \u0161olo, saj se je deveto\u0161olka <span style=\"color: #ff6600\"><strong>Lejla Vita Rihtar\u0161i\u010d<\/strong> <\/span>uvrstila med prve tri nagrajenke, katerih dela bodo potovala \u0161e na kon\u010dni izbor, na katerem sodelujejo <strong><span style=\"color: #ff6600\">izbrana dela z vseh koncev sveta<\/span><\/strong>.<\/p>\n<p style=\"text-align: justify\">Lejla je \u017ee marsikdaj dokazala, da je prava umetnica!<\/p>\n<p style=\"text-align: justify\"><strong><span style=\"color: #3366ff\">\u010cestitamo Lejli Viti in njeni mentorici Mihaeli \u017dakelj Ogrin, Lejli pa \u017eelimo veliko uspeha na izboru!<\/span><\/strong><\/p>\n<p>&nbsp;<\/p>\n<p><span style=\"color: #ff6600\">Najbolj\u0161ih pet plakatov miru<\/span> si lahko ogledate<strong> <span style=\"color: #ff6600\">na tem mestu<\/span>, <\/strong><span style=\"color: #ff6600\">ostalih 20 finalnih plakatov iz vse Slovenije<\/span> pa<strong> <span style=\"color: #ff6600\">v spodnji galeriji<\/span>.<\/strong><\/p>\n<p>&nbsp;<\/p>\n<p><a href=\"http:\/\/sola-poljane.splet.arnes.si\/files\/2020\/12\/1.-Stela-Fister_O\u0160-Pre\u017eihov-Voranc.jpg\"><img loading=\"lazy\" decoding=\"async\" class=\"alignnone wp-image-20669\" src=\"http:\/\/sola-poljane.splet.arnes.si\/files\/2020\/12\/1.-Stela-Fister_O\u0160-Pre\u017eihov-Voranc.jpg\" alt=\"\" width=\"217\" height=\"323\" srcset=\"https:\/\/sola-poljane.splet.arnes.si\/files\/2020\/12\/1.-Stela-Fister_O\u0160-Pre\u017eihov-Voranc.jpg 430w, https:\/\/sola-poljane.splet.arnes.si\/files\/2020\/12\/1.-Stela-Fister_O\u0160-Pre\u017eihov-Voranc-202x300.jpg 202w, https:\/\/sola-poljane.splet.arnes.si\/files\/2020\/12\/1.-Stela-Fister_O\u0160-Pre\u017eihov-Voranc-37x55.jpg 37w\" sizes=\"auto, (max-width: 217px) 100vw, 217px\" \/>\u00a0 \u00a0 \u00a0 \u00a0<\/a> <a href=\"http:\/\/sola-poljane.splet.arnes.si\/files\/2020\/12\/2.-Darina-Balaguta_O\u0160-Dante-Aligheri.jpg\"><img loading=\"lazy\" decoding=\"async\" class=\"alignnone wp-image-20671\" src=\"http:\/\/sola-poljane.splet.arnes.si\/files\/2020\/12\/2.-Darina-Balaguta_O\u0160-Dante-Aligheri.jpg\" alt=\"\" width=\"232\" height=\"323\" srcset=\"https:\/\/sola-poljane.splet.arnes.si\/files\/2020\/12\/2.-Darina-Balaguta_O\u0160-Dante-Aligheri.jpg 285w, https:\/\/sola-poljane.splet.arnes.si\/files\/2020\/12\/2.-Darina-Balaguta_O\u0160-Dante-Aligheri-215x300.jpg 215w, https:\/\/sola-poljane.splet.arnes.si\/files\/2020\/12\/2.-Darina-Balaguta_O\u0160-Dante-Aligheri-39x55.jpg 39w\" sizes=\"auto, (max-width: 232px) 100vw, 232px\" \/>\u00a0 \u00a0 \u00a0\u00a0\u00a0<\/a> <a href=\"http:\/\/sola-poljane.splet.arnes.si\/files\/2020\/12\/3.-Lejla-Vita-Rihtar\u0161i\u010d_O\u0160-Poljane.jpg\"><img loading=\"lazy\" decoding=\"async\" class=\"alignnone wp-image-20673\" src=\"http:\/\/sola-poljane.splet.arnes.si\/files\/2020\/12\/3.-Lejla-Vita-Rihtar\u0161i\u010d_O\u0160-Poljane.jpg\" alt=\"\" width=\"224\" height=\"322\" srcset=\"https:\/\/sola-poljane.splet.arnes.si\/files\/2020\/12\/3.-Lejla-Vita-Rihtar\u0161i\u010d_O\u0160-Poljane.jpg 275w, https:\/\/sola-poljane.splet.arnes.si\/files\/2020\/12\/3.-Lejla-Vita-Rihtar\u0161i\u010d_O\u0160-Poljane-208x300.jpg 208w, https:\/\/sola-poljane.splet.arnes.si\/files\/2020\/12\/3.-Lejla-Vita-Rihtar\u0161i\u010d_O\u0160-Poljane-38x55.jpg 38w\" sizes=\"auto, (max-width: 224px) 100vw, 224px\" \/><\/a><\/p>\n<p><em><strong>Stela Fister, <\/strong>O\u0160 Pre\u017eihov Voranc\u00a0 <strong>\u00a0 \u00a0 \u00a0 \u00a0 Darina Balaguta, <\/strong>O\u0160 Dante Alighieri\u00a0<strong>\u00a0 \u00a0 \u00a0 \u00a0 \u00a0 Lejla Vita Rihtar\u0161i\u010d, <\/strong>O\u0160 Poljane<strong><br \/>\n<\/strong><\/em><\/p>\n<p>&nbsp;<\/p>\n<p><a href=\"http:\/\/sola-poljane.splet.arnes.si\/files\/2020\/12\/4.-Katja-Strm\u0161ek_O\u0160-Rada-Robi\u010da.jpg\"><img loading=\"lazy\" decoding=\"async\" class=\"alignnone wp-image-20675\" src=\"http:\/\/sola-poljane.splet.arnes.si\/files\/2020\/12\/4.-Katja-Strm\u0161ek_O\u0160-Rada-Robi\u010da.jpg\" alt=\"\" width=\"342\" height=\"241\" srcset=\"https:\/\/sola-poljane.splet.arnes.si\/files\/2020\/12\/4.-Katja-Strm\u0161ek_O\u0160-Rada-Robi\u010da.jpg 301w, https:\/\/sola-poljane.splet.arnes.si\/files\/2020\/12\/4.-Katja-Strm\u0161ek_O\u0160-Rada-Robi\u010da-78x55.jpg 78w\" sizes=\"auto, (max-width: 342px) 100vw, 342px\" \/>\u00a0 \u00a0 \u00a0 \u00a0<\/a> <a href=\"http:\/\/sola-poljane.splet.arnes.si\/files\/2020\/12\/5.-Alja-Fel\u0161o_Dvojezi\u010dna-O\u0160-Lendava.jpg\"><img loading=\"lazy\" decoding=\"async\" class=\"alignnone wp-image-20677\" src=\"http:\/\/sola-poljane.splet.arnes.si\/files\/2020\/12\/5.-Alja-Fel\u0161o_Dvojezi\u010dna-O\u0160-Lendava.jpg\" alt=\"\" width=\"347\" height=\"240\" srcset=\"https:\/\/sola-poljane.splet.arnes.si\/files\/2020\/12\/5.-Alja-Fel\u0161o_Dvojezi\u010dna-O\u0160-Lendava.jpg 292w, https:\/\/sola-poljane.splet.arnes.si\/files\/2020\/12\/5.-Alja-Fel\u0161o_Dvojezi\u010dna-O\u0160-Lendava-80x55.jpg 80w\" sizes=\"auto, (max-width: 347px) 100vw, 347px\" \/><\/a><\/p>\n<p style=\"text-align: left\"><em><strong>\u00a0 \u00a0 \u00a0 \u00a0 \u00a0 \u00a0 \u00a0 \u00a0 Katja Strm\u0161ek, <\/strong>O\u0160 Rada Robi\u010da \u00a0 \u00a0 \u00a0 \u00a0 \u00a0 <strong>\u00a0 \u00a0 \u00a0 \u00a0 \u00a0 \u00a0 \u00a0 \u00a0 \u00a0 \u00a0 \u00a0 \u00a0 \u00a0 \u00a0 \u00a0 Alja Fel\u0161\u0151, <\/strong>Dvojezi\u010dna O\u0160 Lendava<strong><br \/>\n<\/strong><\/em><\/p>\n<p>&nbsp;<\/p>\n<p>&nbsp;<\/p>\nngg_shortcode_0_placeholder\n","protected":false},"excerpt":{"rendered":"<p>* Naslovna fotografija predstavlja logotip Zveze Lions klubov, distrikt 129, [&hellip;]<\/p>\n","protected":false},"author":56163,"featured_media":20681,"comment_status":"closed","ping_status":"open","sticky":false,"template":"","format":"standard","meta":{"ngg_post_thumbnail":0,"footnotes":""},"categories":[55,37],"tags":[],"class_list":["post-20667","post","type-post","status-publish","format-standard","has-post-thumbnail","hentry","category-dogajanje","category-natecaji"],"_links":{"self":[{"href":"https:\/\/sola-poljane.splet.arnes.si\/index.php?rest_route=\/wp\/v2\/posts\/20667","targetHints":{"allow":["GET"]}}],"collection":[{"href":"https:\/\/sola-poljane.splet.arnes.si\/index.php?rest_route=\/wp\/v2\/posts"}],"about":[{"href":"https:\/\/sola-poljane.splet.arnes.si\/index.php?rest_route=\/wp\/v2\/types\/post"}],"author":[{"embeddable":true,"href":"https:\/\/sola-poljane.splet.arnes.si\/index.php?rest_route=\/wp\/v2\/users\/56163"}],"replies":[{"embeddable":true,"href":"https:\/\/sola-poljane.splet.arnes.si\/index.php?rest_route=%2Fwp%2Fv2%2Fcomments&post=20667"}],"version-history":[{"count":16,"href":"https:\/\/sola-poljane.splet.arnes.si\/index.php?rest_route=\/wp\/v2\/posts\/20667\/revisions"}],"predecessor-version":[{"id":20715,"href":"https:\/\/sola-poljane.splet.arnes.si\/index.php?rest_route=\/wp\/v2\/posts\/20667\/revisions\/20715"}],"wp:featuredmedia":[{"embeddable":true,"href":"https:\/\/sola-poljane.splet.arnes.si\/index.php?rest_route=\/wp\/v2\/media\/20681"}],"wp:attachment":[{"href":"https:\/\/sola-poljane.splet.arnes.si\/index.php?rest_route=%2Fwp%2Fv2%2Fmedia&parent=20667"}],"wp:term":[{"taxonomy":"category","embeddable":true,"href":"https:\/\/sola-poljane.splet.arnes.si\/index.php?rest_route=%2Fwp%2Fv2%2Fcategories&post=20667"},{"taxonomy":"post_tag","embeddable":true,"href":"https:\/\/sola-poljane.splet.arnes.si\/index.php?rest_route=%2Fwp%2Fv2%2Ftags&post=20667"}],"curies":[{"name":"wp","href":"https:\/\/api.w.org\/{rel}","templated":true}]}}