{"id":20449,"date":"2020-12-07T20:00:00","date_gmt":"2020-12-07T19:00:00","guid":{"rendered":"http:\/\/sola-poljane.splet.arnes.si\/?p=20449"},"modified":"2020-12-08T18:30:35","modified_gmt":"2020-12-08T17:30:35","slug":"tudi-mlajsi-ucenci-so-veselo-preziveli-kulturni-dan","status":"publish","type":"post","link":"https:\/\/sola-poljane.splet.arnes.si\/?p=20449","title":{"rendered":"Tudi mlaj\u0161i u\u010denci so veselo pre\u017eiveli kulturni dan"},"content":{"rendered":"<p><span style=\"color: #3366ff\"><strong>U\u010denke in u\u010denci od 1. do 3. razreda<\/strong><\/span> tako iz poljanske kot iz javorske \u0161ole so s kulturnim dnevom po\u010dastili <span style=\"color: #3366ff\">Franceta Pre\u0161erna, poljanske umetnike in spomenike oz. kulturna obele\u017eja v bli\u017eini njihovih domov. <\/span>Na sprehod so povabili dru\u017einske \u010dlane, oprtali nahrbtnike, \u0161e prej pa so vanje spravili <span style=\"color: #ff6600\"><strong>slovenske zastave<\/strong><\/span>. Nekateri so doma spekli \u0161e <strong><span style=\"color: #ff6600\">Pre\u0161ernove kroglice<\/span><\/strong> in jih odnesli s seboj.<\/p>\n<p><span style=\"color: #3366ff\"><strong>*****************************************************************************<\/strong><\/span><\/p>\n<p>&nbsp;<\/p>\n<p><span style=\"color: #008000\"><strong>1. razred<\/strong><\/span><\/p>\nngg_shortcode_0_placeholder\n<p>&nbsp;<\/p>\n<p><span style=\"color: #3366ff\"><strong>************************************************************************************<\/strong><\/span><\/p>\n<p>&nbsp;<\/p>\n<p><span style=\"color: #008000\"><strong>2. razred<\/strong><\/span><\/p>\nngg_shortcode_1_placeholder\n<p>&nbsp;<\/p>\n<p><span style=\"color: #3366ff\"><strong>************************************************************************************<\/strong><\/span><\/p>\n<p>&nbsp;<\/p>\n<p><span style=\"color: #008000\"><strong>3. razred<\/strong><\/span><\/p>\nngg_shortcode_2_placeholder\nngg_shortcode_3_placeholder\n<p>&nbsp;<\/p>\n<p><span style=\"color: #3366ff\"><strong>************************************************************************************<\/strong><\/span><\/p>\n<p>&nbsp;<\/p>\n<p><span style=\"color: #008000\"><strong>Podru\u017enica Javorje<\/strong><\/span><\/p>\nngg_shortcode_4_placeholder\n<p>&nbsp;<\/p>\n<p><span style=\"color: #3366ff\"><strong>************************************************************************************<\/strong><\/span><\/p>\n<p>&nbsp;<\/p>\n<p><span style=\"color: #3366ff\"><strong>U\u010denke in u\u010denci 4. in 5. razreda<\/strong> <\/span>so prou\u010devali s<span style=\"color: #3366ff\">voje prednike in izdelali svoje <strong><span style=\"color: #ff6600\">dru\u017einsko drevo<\/span><\/strong><\/span>.<\/p>\n<p>Tako so vsi naredili nekaj, s \u010dimer so izkazali spo\u0161tovanje na\u0161i kulturi, jeziku, prednikom in domovini.<\/p>\n<p>&nbsp;<\/p>\n<p><span style=\"color: #3366ff\"><strong>************************************************************************************<\/strong><\/span><\/p>\n<p>&nbsp;<\/p>\n<p><span style=\"color: #008000\"><strong>4.razred<\/strong><\/span><\/p>\n<p><a href=\"http:\/\/sola-poljane.splet.arnes.si\/files\/2020\/12\/Dru\u017einsko-drevo-Leja-Dolenc-4-a-razred-1-scaled.jpg\"><img loading=\"lazy\" decoding=\"async\" class=\"alignnone wp-image-20501\" src=\"http:\/\/sola-poljane.splet.arnes.si\/files\/2020\/12\/Dru\u017einsko-drevo-Leja-Dolenc-4-a-razred-1-1024x764.jpg\" alt=\"\" width=\"453\" height=\"338\" srcset=\"https:\/\/sola-poljane.splet.arnes.si\/files\/2020\/12\/Dru\u017einsko-drevo-Leja-Dolenc-4-a-razred-1-1024x764.jpg 1024w, https:\/\/sola-poljane.splet.arnes.si\/files\/2020\/12\/Dru\u017einsko-drevo-Leja-Dolenc-4-a-razred-1-300x224.jpg 300w, https:\/\/sola-poljane.splet.arnes.si\/files\/2020\/12\/Dru\u017einsko-drevo-Leja-Dolenc-4-a-razred-1-768x573.jpg 768w, https:\/\/sola-poljane.splet.arnes.si\/files\/2020\/12\/Dru\u017einsko-drevo-Leja-Dolenc-4-a-razred-1-74x55.jpg 74w, https:\/\/sola-poljane.splet.arnes.si\/files\/2020\/12\/Dru\u017einsko-drevo-Leja-Dolenc-4-a-razred-1-1536x1146.jpg 1536w, https:\/\/sola-poljane.splet.arnes.si\/files\/2020\/12\/Dru\u017einsko-drevo-Leja-Dolenc-4-a-razred-1-2048x1527.jpg 2048w, https:\/\/sola-poljane.splet.arnes.si\/files\/2020\/12\/Dru\u017einsko-drevo-Leja-Dolenc-4-a-razred-1-947x706.jpg 947w, https:\/\/sola-poljane.splet.arnes.si\/files\/2020\/12\/Dru\u017einsko-drevo-Leja-Dolenc-4-a-razred-1-624x465.jpg 624w\" sizes=\"auto, (max-width: 453px) 100vw, 453px\" \/><\/a><\/p>\nngg_shortcode_5_placeholder\n<p>&nbsp;<\/p>\n<p><span style=\"color: #3366ff\"><strong>************************************************************************************<\/strong><\/span><\/p>\n<p>&nbsp;<\/p>\n<p><span style=\"color: #008000\"><strong>5. razred<\/strong><\/span><\/p>\nngg_shortcode_6_placeholder\n<p>&nbsp;<\/p>\n<p>&nbsp;<\/p>\n<p>&nbsp;<\/p>\n<p>&nbsp;<\/p>\n<p>&nbsp;<\/p>\n","protected":false},"excerpt":{"rendered":"<p>U\u010denke in u\u010denci od 1. do 3. razreda tako iz [&hellip;]<\/p>\n","protected":false},"author":56163,"featured_media":20467,"comment_status":"closed","ping_status":"open","sticky":false,"template":"","format":"standard","meta":{"ngg_post_thumbnail":0,"footnotes":""},"categories":[33,35,7,29,55],"tags":[],"class_list":["post-20449","post","type-post","status-publish","format-standard","has-post-thumbnail","hentry","category-1-triletje","category-2-triletje","category-dnevi-dejavnosti","category-dnevi-dejavnosti-3-triada","category-dogajanje"],"_links":{"self":[{"href":"https:\/\/sola-poljane.splet.arnes.si\/index.php?rest_route=\/wp\/v2\/posts\/20449","targetHints":{"allow":["GET"]}}],"collection":[{"href":"https:\/\/sola-poljane.splet.arnes.si\/index.php?rest_route=\/wp\/v2\/posts"}],"about":[{"href":"https:\/\/sola-poljane.splet.arnes.si\/index.php?rest_route=\/wp\/v2\/types\/post"}],"author":[{"embeddable":true,"href":"https:\/\/sola-poljane.splet.arnes.si\/index.php?rest_route=\/wp\/v2\/users\/56163"}],"replies":[{"embeddable":true,"href":"https:\/\/sola-poljane.splet.arnes.si\/index.php?rest_route=%2Fwp%2Fv2%2Fcomments&post=20449"}],"version-history":[{"count":18,"href":"https:\/\/sola-poljane.splet.arnes.si\/index.php?rest_route=\/wp\/v2\/posts\/20449\/revisions"}],"predecessor-version":[{"id":20509,"href":"https:\/\/sola-poljane.splet.arnes.si\/index.php?rest_route=\/wp\/v2\/posts\/20449\/revisions\/20509"}],"wp:featuredmedia":[{"embeddable":true,"href":"https:\/\/sola-poljane.splet.arnes.si\/index.php?rest_route=\/wp\/v2\/media\/20467"}],"wp:attachment":[{"href":"https:\/\/sola-poljane.splet.arnes.si\/index.php?rest_route=%2Fwp%2Fv2%2Fmedia&parent=20449"}],"wp:term":[{"taxonomy":"category","embeddable":true,"href":"https:\/\/sola-poljane.splet.arnes.si\/index.php?rest_route=%2Fwp%2Fv2%2Fcategories&post=20449"},{"taxonomy":"post_tag","embeddable":true,"href":"https:\/\/sola-poljane.splet.arnes.si\/index.php?rest_route=%2Fwp%2Fv2%2Ftags&post=20449"}],"curies":[{"name":"wp","href":"https:\/\/api.w.org\/{rel}","templated":true}]}}