{"id":19691,"date":"2020-11-02T18:39:53","date_gmt":"2020-11-02T17:39:53","guid":{"rendered":"http:\/\/sola-poljane.splet.arnes.si\/?p=19691"},"modified":"2020-11-02T18:41:27","modified_gmt":"2020-11-02T17:41:27","slug":"plakat-miru-3","status":"publish","type":"post","link":"https:\/\/sola-poljane.splet.arnes.si\/?p=19691","title":{"rendered":"Plakat miru"},"content":{"rendered":"<p style=\"text-align: justify\">Tudi v leto\u0161njem \u0161olskem letu smo se udele\u017eili <span style=\"color: #008000\"><strong>mednarodnega projekta PLAKAT MIRU<\/strong><\/span>, ki ga vodijo Lions klubi po vsem svetu. Veseli smo, da nam je uspelo izdelati lepe in zgovorne plakate o tem, kako lahko prispevamo k miru.<\/p>\n<p style=\"text-align: justify\">Strokovna komisija v sestavi Agata Pavlovec, Anja Fabiani in Silva Ko\u0161njek pravi takole:<\/p>\n<p style=\"text-align: justify\"><em>\u00bbVsi u\u010denci so ustvarili \u010dudovita dela, vsak posebej je edinstven, saj smo prepri\u010dani, da je v vsakem likovnem delu \u010dut do miru v svetu na poseben pogled skozi o\u010di otrok.<\/em><br \/>\n<em>Izbor tako kot vsako leto ni bil lahek.\u00ab\u00a0<\/em><\/p>\n<p style=\"text-align: justify\"><span style=\"color: #008000\"><strong>Komisija je izbrala pet plakatov \u2013 iz vsake \u0161ole po enega, in sicer:<\/strong> <\/span><\/p>\n<ul style=\"text-align: justify\">\n<li>Ivana Jordanov, 8. c, O\u0160 \u0160kofja Loka-Mesto<\/li>\n<li>Bla\u017e Penev, 7.d, O\u0160 Cvetka Golarja \u0160kofja Loka<\/li>\n<li>Anej Tav\u010dar, 7. c, O\u0160 Ivana Groharja \u0160kofja Loka<\/li>\n<li><span style=\"color: #ff6600\"><strong>Lejla Vita Rihtar\u0161i\u010d, 9. a, O\u0160 Poljane<\/strong><\/span><\/li>\n<li>Nata\u0161a Ceferin, 8. c, O\u0160 \u017delezniki<\/li>\n<\/ul>\n<p style=\"text-align: justify\">\u010cestitke vsem u\u010denkam in u\u010dencem, \u0161e posebej pa na\u0161i u\u010denki <strong><span style=\"color: #ff6600\">Lejli Viti Rihtar\u0161i\u010d<\/span><\/strong>.<\/p>\n<p><em><strong>Mihaela \u017dakelj Ogrin<\/strong><\/em><\/p>\n<p>&nbsp;<\/p>\n<p style=\"text-align: justify\"><em><span style=\"color: #0000ff\"><strong>*****************************<\/strong><\/span><br \/>\n<\/em><\/p>\n<p style=\"text-align: justify\"><em>Glede na vse omejitve zaradi koronavirusa \u00a0in prepovedi dru\u017eenja \u017eal razstave ne moremo pripraviti na ogled, zato bomo za vse plakate, za vsako \u0161olo posebej pripravili foto posnetke in jih objavili \u00a0v ve\u010d javnih omre\u017ejih, na spletni strani Ob\u010dine, LK, medijih \u2026<\/em><\/p>\n<p>&nbsp;<\/p>\n<p>&nbsp;<\/p>\n<figure id=\"attachment_19697\" aria-describedby=\"caption-attachment-19697\" style=\"width: 706px\" class=\"wp-caption aligncenter\"><a href=\"http:\/\/sola-poljane.splet.arnes.si\/files\/2020\/11\/Plakat-miru-2020-Lejla-Vita-Rihtar\u0161i\u010d-1-scaled.jpg\"><img loading=\"lazy\" decoding=\"async\" class=\"size-large wp-image-19697\" src=\"http:\/\/sola-poljane.splet.arnes.si\/files\/2020\/11\/Plakat-miru-2020-Lejla-Vita-Rihtar\u0161i\u010d-1-706x1024.jpg\" alt=\"\" width=\"706\" height=\"1024\" srcset=\"https:\/\/sola-poljane.splet.arnes.si\/files\/2020\/11\/Plakat-miru-2020-Lejla-Vita-Rihtar\u0161i\u010d-1-706x1024.jpg 706w, https:\/\/sola-poljane.splet.arnes.si\/files\/2020\/11\/Plakat-miru-2020-Lejla-Vita-Rihtar\u0161i\u010d-1-207x300.jpg 207w, https:\/\/sola-poljane.splet.arnes.si\/files\/2020\/11\/Plakat-miru-2020-Lejla-Vita-Rihtar\u0161i\u010d-1-768x1115.jpg 768w, https:\/\/sola-poljane.splet.arnes.si\/files\/2020\/11\/Plakat-miru-2020-Lejla-Vita-Rihtar\u0161i\u010d-1-38x55.jpg 38w, https:\/\/sola-poljane.splet.arnes.si\/files\/2020\/11\/Plakat-miru-2020-Lejla-Vita-Rihtar\u0161i\u010d-1-1058x1536.jpg 1058w, https:\/\/sola-poljane.splet.arnes.si\/files\/2020\/11\/Plakat-miru-2020-Lejla-Vita-Rihtar\u0161i\u010d-1-1411x2048.jpg 1411w, https:\/\/sola-poljane.splet.arnes.si\/files\/2020\/11\/Plakat-miru-2020-Lejla-Vita-Rihtar\u0161i\u010d-1-947x1374.jpg 947w, https:\/\/sola-poljane.splet.arnes.si\/files\/2020\/11\/Plakat-miru-2020-Lejla-Vita-Rihtar\u0161i\u010d-1-624x906.jpg 624w, https:\/\/sola-poljane.splet.arnes.si\/files\/2020\/11\/Plakat-miru-2020-Lejla-Vita-Rihtar\u0161i\u010d-1-scaled.jpg 1764w\" sizes=\"auto, (max-width: 706px) 100vw, 706px\" \/><\/a><figcaption id=\"caption-attachment-19697\" class=\"wp-caption-text\">Lejla Vita Rihtar\u0161i\u010d<\/figcaption><\/figure>\n<p>&nbsp;<\/p>\n<figure id=\"attachment_19699\" aria-describedby=\"caption-attachment-19699\" style=\"width: 887px\" class=\"wp-caption aligncenter\"><a href=\"http:\/\/sola-poljane.splet.arnes.si\/files\/2020\/11\/Plakati-miru-scaled.jpg\"><img loading=\"lazy\" decoding=\"async\" class=\"size-large wp-image-19699\" src=\"http:\/\/sola-poljane.splet.arnes.si\/files\/2020\/11\/Plakati-miru-1024x579.jpg\" alt=\"\" width=\"887\" height=\"502\" srcset=\"https:\/\/sola-poljane.splet.arnes.si\/files\/2020\/11\/Plakati-miru-1024x579.jpg 1024w, https:\/\/sola-poljane.splet.arnes.si\/files\/2020\/11\/Plakati-miru-300x170.jpg 300w, https:\/\/sola-poljane.splet.arnes.si\/files\/2020\/11\/Plakati-miru-768x434.jpg 768w, https:\/\/sola-poljane.splet.arnes.si\/files\/2020\/11\/Plakati-miru-97x55.jpg 97w, https:\/\/sola-poljane.splet.arnes.si\/files\/2020\/11\/Plakati-miru-1536x868.jpg 1536w, https:\/\/sola-poljane.splet.arnes.si\/files\/2020\/11\/Plakati-miru-2048x1157.jpg 2048w, https:\/\/sola-poljane.splet.arnes.si\/files\/2020\/11\/Plakati-miru-947x535.jpg 947w, https:\/\/sola-poljane.splet.arnes.si\/files\/2020\/11\/Plakati-miru-624x353.jpg 624w\" sizes=\"auto, (max-width: 887px) 100vw, 887px\" \/><\/a><figcaption id=\"caption-attachment-19699\" class=\"wp-caption-text\">Plakati miru<\/figcaption><\/figure>\n","protected":false},"excerpt":{"rendered":"<p>Tudi v leto\u0161njem \u0161olskem letu smo se udele\u017eili mednarodnega projekta [&hellip;]<\/p>\n","protected":false},"author":56163,"featured_media":19695,"comment_status":"closed","ping_status":"open","sticky":false,"template":"","format":"standard","meta":{"ngg_post_thumbnail":0,"footnotes":""},"categories":[55,37],"tags":[],"class_list":["post-19691","post","type-post","status-publish","format-standard","has-post-thumbnail","hentry","category-dogajanje","category-natecaji"],"_links":{"self":[{"href":"https:\/\/sola-poljane.splet.arnes.si\/index.php?rest_route=\/wp\/v2\/posts\/19691","targetHints":{"allow":["GET"]}}],"collection":[{"href":"https:\/\/sola-poljane.splet.arnes.si\/index.php?rest_route=\/wp\/v2\/posts"}],"about":[{"href":"https:\/\/sola-poljane.splet.arnes.si\/index.php?rest_route=\/wp\/v2\/types\/post"}],"author":[{"embeddable":true,"href":"https:\/\/sola-poljane.splet.arnes.si\/index.php?rest_route=\/wp\/v2\/users\/56163"}],"replies":[{"embeddable":true,"href":"https:\/\/sola-poljane.splet.arnes.si\/index.php?rest_route=%2Fwp%2Fv2%2Fcomments&post=19691"}],"version-history":[{"count":3,"href":"https:\/\/sola-poljane.splet.arnes.si\/index.php?rest_route=\/wp\/v2\/posts\/19691\/revisions"}],"predecessor-version":[{"id":19703,"href":"https:\/\/sola-poljane.splet.arnes.si\/index.php?rest_route=\/wp\/v2\/posts\/19691\/revisions\/19703"}],"wp:featuredmedia":[{"embeddable":true,"href":"https:\/\/sola-poljane.splet.arnes.si\/index.php?rest_route=\/wp\/v2\/media\/19695"}],"wp:attachment":[{"href":"https:\/\/sola-poljane.splet.arnes.si\/index.php?rest_route=%2Fwp%2Fv2%2Fmedia&parent=19691"}],"wp:term":[{"taxonomy":"category","embeddable":true,"href":"https:\/\/sola-poljane.splet.arnes.si\/index.php?rest_route=%2Fwp%2Fv2%2Fcategories&post=19691"},{"taxonomy":"post_tag","embeddable":true,"href":"https:\/\/sola-poljane.splet.arnes.si\/index.php?rest_route=%2Fwp%2Fv2%2Ftags&post=19691"}],"curies":[{"name":"wp","href":"https:\/\/api.w.org\/{rel}","templated":true}]}}