{"id":19531,"date":"2020-10-15T07:26:54","date_gmt":"2020-10-15T05:26:54","guid":{"rendered":"http:\/\/sola-poljane.splet.arnes.si\/?p=19531"},"modified":"2020-10-15T07:28:35","modified_gmt":"2020-10-15T05:28:35","slug":"sproscen-in-vesel-teden-otroka-v-prvem-triletju","status":"publish","type":"post","link":"https:\/\/sola-poljane.splet.arnes.si\/?p=19531","title":{"rendered":"Spro\u0161\u010den in vesel teden otroka v prvem triletju"},"content":{"rendered":"<p style=\"text-align: justify\"><span style=\"color: #ff6600\">Leto\u0161nje geslo ob tednu otroka &#8211; <strong>&#8220;Odgovor je pogovor&#8221;<\/strong> &#8211;<\/span> smo vzeli zares. S pogovori in igro smo za\u010deli v razredu, ker pa je v trenutni situaciji \u0161e posebej priporo\u010dljivo, da smo veliko na sve\u017eem zraku, smo na\u0161e dru\u017eenje nadaljevali v naravi. Bilo je res veselo, spro\u0161\u010deno, polno lepih do\u017eivetij.<\/p>\n<p style=\"text-align: justify\">Oglejte si, kaj vse smo po\u010deli!<\/p>\n<p>&nbsp;<\/p>\n<p><strong><span style=\"color: #0000ff\">1. razred<\/span><\/strong><\/p>\nngg_shortcode_0_placeholder\n<p>&nbsp;<\/p>\n<p><strong><span style=\"color: #0000ff\">2. b razred<\/span><\/strong><\/p>\nngg_shortcode_1_placeholder\n<p>&nbsp;<\/p>\n<p><span style=\"color: #0000ff\"><strong>3. razred<\/strong><\/span><\/p>\nngg_shortcode_2_placeholder\n","protected":false},"excerpt":{"rendered":"<p>Leto\u0161nje geslo ob tednu otroka &#8211; &#8220;Odgovor je pogovor&#8221; &#8211; [&hellip;]<\/p>\n","protected":false},"author":56163,"featured_media":19541,"comment_status":"closed","ping_status":"open","sticky":false,"template":"","format":"standard","meta":{"ngg_post_thumbnail":0,"footnotes":""},"categories":[33,7,55],"tags":[],"class_list":["post-19531","post","type-post","status-publish","format-standard","has-post-thumbnail","hentry","category-1-triletje","category-dnevi-dejavnosti","category-dogajanje"],"_links":{"self":[{"href":"https:\/\/sola-poljane.splet.arnes.si\/index.php?rest_route=\/wp\/v2\/posts\/19531","targetHints":{"allow":["GET"]}}],"collection":[{"href":"https:\/\/sola-poljane.splet.arnes.si\/index.php?rest_route=\/wp\/v2\/posts"}],"about":[{"href":"https:\/\/sola-poljane.splet.arnes.si\/index.php?rest_route=\/wp\/v2\/types\/post"}],"author":[{"embeddable":true,"href":"https:\/\/sola-poljane.splet.arnes.si\/index.php?rest_route=\/wp\/v2\/users\/56163"}],"replies":[{"embeddable":true,"href":"https:\/\/sola-poljane.splet.arnes.si\/index.php?rest_route=%2Fwp%2Fv2%2Fcomments&post=19531"}],"version-history":[{"count":8,"href":"https:\/\/sola-poljane.splet.arnes.si\/index.php?rest_route=\/wp\/v2\/posts\/19531\/revisions"}],"predecessor-version":[{"id":19549,"href":"https:\/\/sola-poljane.splet.arnes.si\/index.php?rest_route=\/wp\/v2\/posts\/19531\/revisions\/19549"}],"wp:featuredmedia":[{"embeddable":true,"href":"https:\/\/sola-poljane.splet.arnes.si\/index.php?rest_route=\/wp\/v2\/media\/19541"}],"wp:attachment":[{"href":"https:\/\/sola-poljane.splet.arnes.si\/index.php?rest_route=%2Fwp%2Fv2%2Fmedia&parent=19531"}],"wp:term":[{"taxonomy":"category","embeddable":true,"href":"https:\/\/sola-poljane.splet.arnes.si\/index.php?rest_route=%2Fwp%2Fv2%2Fcategories&post=19531"},{"taxonomy":"post_tag","embeddable":true,"href":"https:\/\/sola-poljane.splet.arnes.si\/index.php?rest_route=%2Fwp%2Fv2%2Ftags&post=19531"}],"curies":[{"name":"wp","href":"https:\/\/api.w.org\/{rel}","templated":true}]}}