{"id":19509,"date":"2020-10-13T21:10:47","date_gmt":"2020-10-13T19:10:47","guid":{"rendered":"http:\/\/sola-poljane.splet.arnes.si\/?p=19509"},"modified":"2020-10-13T21:10:47","modified_gmt":"2020-10-13T19:10:47","slug":"kulturni-dan-v-2-a-pogovor-zabava-in-gibanje","status":"publish","type":"post","link":"https:\/\/sola-poljane.splet.arnes.si\/?p=19509","title":{"rendered":"Kulturni dan v 2. a \u2013 pogovor, zabava in gibanje"},"content":{"rendered":"<p style=\"text-align: justify\"><span style=\"color: #3366ff\"><strong>V okviru tedna otroka<\/strong><\/span> smo v ni\u017ejih razredih izvedli kulturni dan. U\u010denci 2. a so za\u010deli s sestavljanjem besede iz danih \u010drk. Eden izmed njih je prav hitro ugotovil, da je to beseda <strong><span style=\"color: #3366ff\">TELEFON<\/span><\/strong>; to pa zato, ker je bilo geslo leto\u0161njega tedna otroka: <em><strong><span style=\"color: #3366ff\">\u00bbOdgovor je pogovor\u00ab<\/span><\/strong><\/em> in je bilo povezano s praznovanjem <span style=\"color: #3366ff\">30-letnice TOM telefona<\/span>. Pogovorili smo se o mo\u017enosti uporabe le-tega in ugotovili, da ga v tem obdobju u\u010denci \u0161e ne potrebujejo, saj odgovore na morebitna vpra\u0161anja dobijo doma pri star\u0161ih, v \u0161oli pa pri u\u010diteljicah.<br \/>\n<span style=\"color: #ff6600\">Dan se je nadaljeval v spro\u0161\u010denem vzdu\u0161ju.<\/span> Najprej smo si zastavili nekaj ugank in se nasmejali ob pripovedovanju \u0161al, nato pa so u\u010denci v revijah, ki so jih prinesli s seboj, re\u0161evali razne zabavne naloge. Seveda je bila tudi pomo\u010d so\u0161olca dobrodo\u0161la.<br \/>\nPo malici, ko je megla izginila in se je prikazalo sonce, <span style=\"color: #008000\">smo od\u0161li proti Dobenski Ameriki<\/span>, se ustavili na primernem mestu in u\u010denci so bili razli\u010dno gibalno aktivni: preskakovali so kolebnico, spu\u0161\u010dali in tekali za avtomobil\u010dki, si z loparji podajali in lovili \u017eogico, metali frizbi, se lovili ali prosto poskakovali. Razveselili so se tudi preizku\u0161nje v gozdu, saj so ob so\u0161ol\u010devem vodenju in mi\u017ee hodili ob napeti vrvici. Iz nabranih \u017eelodov so ustvarili razli\u010dne \u017eivali\u00a0 in \u0161e marsikaj \u2026<br \/>\nV \u0161olo smo se vrnili skozi Dobje. U\u010dencem se je dopoldne zdelo prijetno in zabavno.<\/p>\n<p><em><strong>Irma \u010cade\u017e<\/strong><\/em><\/p>\n<p>&nbsp;<\/p>\nngg_shortcode_0_placeholder\n","protected":false},"excerpt":{"rendered":"<p>V okviru tedna otroka smo v ni\u017ejih razredih izvedli kulturni [&hellip;]<\/p>\n","protected":false},"author":56163,"featured_media":19515,"comment_status":"closed","ping_status":"open","sticky":false,"template":"","format":"standard","meta":{"ngg_post_thumbnail":0,"footnotes":""},"categories":[33,7,55],"tags":[],"class_list":["post-19509","post","type-post","status-publish","format-standard","has-post-thumbnail","hentry","category-1-triletje","category-dnevi-dejavnosti","category-dogajanje"],"_links":{"self":[{"href":"https:\/\/sola-poljane.splet.arnes.si\/index.php?rest_route=\/wp\/v2\/posts\/19509","targetHints":{"allow":["GET"]}}],"collection":[{"href":"https:\/\/sola-poljane.splet.arnes.si\/index.php?rest_route=\/wp\/v2\/posts"}],"about":[{"href":"https:\/\/sola-poljane.splet.arnes.si\/index.php?rest_route=\/wp\/v2\/types\/post"}],"author":[{"embeddable":true,"href":"https:\/\/sola-poljane.splet.arnes.si\/index.php?rest_route=\/wp\/v2\/users\/56163"}],"replies":[{"embeddable":true,"href":"https:\/\/sola-poljane.splet.arnes.si\/index.php?rest_route=%2Fwp%2Fv2%2Fcomments&post=19509"}],"version-history":[{"count":3,"href":"https:\/\/sola-poljane.splet.arnes.si\/index.php?rest_route=\/wp\/v2\/posts\/19509\/revisions"}],"predecessor-version":[{"id":19517,"href":"https:\/\/sola-poljane.splet.arnes.si\/index.php?rest_route=\/wp\/v2\/posts\/19509\/revisions\/19517"}],"wp:featuredmedia":[{"embeddable":true,"href":"https:\/\/sola-poljane.splet.arnes.si\/index.php?rest_route=\/wp\/v2\/media\/19515"}],"wp:attachment":[{"href":"https:\/\/sola-poljane.splet.arnes.si\/index.php?rest_route=%2Fwp%2Fv2%2Fmedia&parent=19509"}],"wp:term":[{"taxonomy":"category","embeddable":true,"href":"https:\/\/sola-poljane.splet.arnes.si\/index.php?rest_route=%2Fwp%2Fv2%2Fcategories&post=19509"},{"taxonomy":"post_tag","embeddable":true,"href":"https:\/\/sola-poljane.splet.arnes.si\/index.php?rest_route=%2Fwp%2Fv2%2Ftags&post=19509"}],"curies":[{"name":"wp","href":"https:\/\/api.w.org\/{rel}","templated":true}]}}