{"id":19499,"date":"2020-10-13T20:13:19","date_gmt":"2020-10-13T18:13:19","guid":{"rendered":"http:\/\/sola-poljane.splet.arnes.si\/?p=19499"},"modified":"2020-10-13T20:13:19","modified_gmt":"2020-10-13T18:13:19","slug":"v-4-in-5-razredu-je-v-tednu-otroka-zazivela-razredna-posta","status":"publish","type":"post","link":"https:\/\/sola-poljane.splet.arnes.si\/?p=19499","title":{"rendered":"V 4. in 5. razredu je v tednu otroka za\u017eivela razredna po\u0161ta"},"content":{"rendered":"<p style=\"text-align: justify\">V \u010detrtih in petih razredih smo za dejavnost ob tednu otroka pripravili <span style=\"color: #ff6600\"><strong>razredno po\u0161to<\/strong><\/span>. Skupaj smo oblikovali po\u0161tne nabiralnike in se nau\u010dili, kako se pi\u0161e pismo. U\u010denci so pisali pismo skritemu prijatelju. Po razkritju skritih prijateljev smo dejavnost nadaljevali tako, da so si u\u010denci preko razredne po\u0161te po\u0161iljali sporo\u010dila. Razredna po\u0161ta je vsem zelo v\u0161e\u010d, zato z dejavnostjo pisanja pisem \u0161e nadaljujemo. Dejavnost je u\u010dencem zares v\u0161e\u010d. Temu se pridru\u017eujemo tudi u\u010diteljice, saj se s pisanjem, branjem in odgovarjanjem na pisma vsi veliko nau\u010dijo.<\/p>\n<p><em><strong>Mojca Veber\u00a0<\/strong><\/em><\/p>\n<p>&nbsp;<\/p>\n<p><a href=\"http:\/\/sola-poljane.splet.arnes.si\/files\/2020\/10\/4_5r_teden-otroka_razredna-po\u0161ta_202002.jpg\"><img loading=\"lazy\" decoding=\"async\" class=\"alignnone  wp-image-19503\" src=\"http:\/\/sola-poljane.splet.arnes.si\/files\/2020\/10\/4_5r_teden-otroka_razredna-po\u0161ta_202002-300x225.jpg\" alt=\"\" width=\"364\" height=\"273\" srcset=\"https:\/\/sola-poljane.splet.arnes.si\/files\/2020\/10\/4_5r_teden-otroka_razredna-po\u0161ta_202002-300x225.jpg 300w, https:\/\/sola-poljane.splet.arnes.si\/files\/2020\/10\/4_5r_teden-otroka_razredna-po\u0161ta_202002-73x55.jpg 73w, https:\/\/sola-poljane.splet.arnes.si\/files\/2020\/10\/4_5r_teden-otroka_razredna-po\u0161ta_202002-624x468.jpg 624w, https:\/\/sola-poljane.splet.arnes.si\/files\/2020\/10\/4_5r_teden-otroka_razredna-po\u0161ta_202002.jpg 667w\" sizes=\"auto, (max-width: 364px) 100vw, 364px\" \/><\/a>\u00a0 \u00a0 \u00a0 \u00a0<a href=\"http:\/\/sola-poljane.splet.arnes.si\/files\/2020\/10\/4_5r_teden-otroka_razredna-po\u0161ta_202001.jpg\"><img loading=\"lazy\" decoding=\"async\" class=\"alignnone  wp-image-19505\" src=\"http:\/\/sola-poljane.splet.arnes.si\/files\/2020\/10\/4_5r_teden-otroka_razredna-po\u0161ta_202001-300x225.jpg\" alt=\"\" width=\"364\" height=\"273\" srcset=\"https:\/\/sola-poljane.splet.arnes.si\/files\/2020\/10\/4_5r_teden-otroka_razredna-po\u0161ta_202001-300x225.jpg 300w, https:\/\/sola-poljane.splet.arnes.si\/files\/2020\/10\/4_5r_teden-otroka_razredna-po\u0161ta_202001-73x55.jpg 73w, https:\/\/sola-poljane.splet.arnes.si\/files\/2020\/10\/4_5r_teden-otroka_razredna-po\u0161ta_202001-624x468.jpg 624w, https:\/\/sola-poljane.splet.arnes.si\/files\/2020\/10\/4_5r_teden-otroka_razredna-po\u0161ta_202001.jpg 667w\" sizes=\"auto, (max-width: 364px) 100vw, 364px\" \/><\/a><\/p>\n","protected":false},"excerpt":{"rendered":"<p>V \u010detrtih in petih razredih smo za dejavnost ob tednu [&hellip;]<\/p>\n","protected":false},"author":56163,"featured_media":19503,"comment_status":"closed","ping_status":"open","sticky":false,"template":"","format":"standard","meta":{"ngg_post_thumbnail":0,"footnotes":""},"categories":[35,29,55],"tags":[],"class_list":["post-19499","post","type-post","status-publish","format-standard","has-post-thumbnail","hentry","category-2-triletje","category-dnevi-dejavnosti-3-triada","category-dogajanje"],"_links":{"self":[{"href":"https:\/\/sola-poljane.splet.arnes.si\/index.php?rest_route=\/wp\/v2\/posts\/19499","targetHints":{"allow":["GET"]}}],"collection":[{"href":"https:\/\/sola-poljane.splet.arnes.si\/index.php?rest_route=\/wp\/v2\/posts"}],"about":[{"href":"https:\/\/sola-poljane.splet.arnes.si\/index.php?rest_route=\/wp\/v2\/types\/post"}],"author":[{"embeddable":true,"href":"https:\/\/sola-poljane.splet.arnes.si\/index.php?rest_route=\/wp\/v2\/users\/56163"}],"replies":[{"embeddable":true,"href":"https:\/\/sola-poljane.splet.arnes.si\/index.php?rest_route=%2Fwp%2Fv2%2Fcomments&post=19499"}],"version-history":[{"count":2,"href":"https:\/\/sola-poljane.splet.arnes.si\/index.php?rest_route=\/wp\/v2\/posts\/19499\/revisions"}],"predecessor-version":[{"id":19507,"href":"https:\/\/sola-poljane.splet.arnes.si\/index.php?rest_route=\/wp\/v2\/posts\/19499\/revisions\/19507"}],"wp:featuredmedia":[{"embeddable":true,"href":"https:\/\/sola-poljane.splet.arnes.si\/index.php?rest_route=\/wp\/v2\/media\/19503"}],"wp:attachment":[{"href":"https:\/\/sola-poljane.splet.arnes.si\/index.php?rest_route=%2Fwp%2Fv2%2Fmedia&parent=19499"}],"wp:term":[{"taxonomy":"category","embeddable":true,"href":"https:\/\/sola-poljane.splet.arnes.si\/index.php?rest_route=%2Fwp%2Fv2%2Fcategories&post=19499"},{"taxonomy":"post_tag","embeddable":true,"href":"https:\/\/sola-poljane.splet.arnes.si\/index.php?rest_route=%2Fwp%2Fv2%2Ftags&post=19499"}],"curies":[{"name":"wp","href":"https:\/\/api.w.org\/{rel}","templated":true}]}}