{"id":19351,"date":"2020-10-04T11:54:49","date_gmt":"2020-10-04T09:54:49","guid":{"rendered":"http:\/\/sola-poljane.splet.arnes.si\/?p=19351"},"modified":"2020-10-04T11:55:08","modified_gmt":"2020-10-04T09:55:08","slug":"tudi-v-sestem-razredu-je-veliko-novega","status":"publish","type":"post","link":"https:\/\/sola-poljane.splet.arnes.si\/?p=19351","title":{"rendered":"Tudi v \u0161estem razredu je veliko novega"},"content":{"rendered":"<table style=\"border-collapse: collapse;width: 96.5795%;height: 496px\" border=\"1\">\n<tbody>\n<tr>\n<td style=\"width: 56.4478%;border-style: hidden\">\n<p><span style=\"color: #ff6600\">Kako sta prvi mesec v \u0161estem razredu do\u017eiveli <span style=\"color: #993300\"><em><strong>Ema in Ester &#8230;<\/strong><\/em><\/span><\/span><\/p>\n<p>&nbsp;<\/p>\n<p>Vsak za\u010detek je te\u017eak,<br \/>\nkateri malo manj,<br \/>\nkateri malo ve\u010d,<br \/>\na pri vsakem samo skrbi je preve\u010d.<\/p>\n<p>Vsak je \u017eiv\u010den<br \/>\nin tudi mene\u00a0 skrbi,<br \/>\nsaj \u0161esti razred bli\u017ea se mi.<\/p>\n<p>\u00bbKako bo? Kaj bo?\u00ab<br \/>\nse spra\u0161ujem.<br \/>\nMorda bo vse narobe \u0161lo?<\/p>\n<p>Ko vstopim, \u017ee vem,<br \/>\nskrbi so odve\u010d,<br \/>\nimam se krasno in lepo<br \/>\nter upam, da \u0161e naprej bo tako.<\/p>\n<p><em><strong>Ema Krek, 6. a<\/strong><\/em><\/td>\n<td style=\"width: 43.5522%;border-style: hidden\">\n<p>&nbsp;<\/p>\n<p>&nbsp;<\/p>\n<p>Zgodovina, glasba in geografija,<br \/>\ntehnika in \u0161e tehnologija<br \/>\nso predmeti \u0161estega razreda.<\/p>\n<p>Pa \u0161e sloven\u0161\u010dina ter \u0161port,<br \/>\nmatematika in nem\u0161\u010dina,<br \/>\nangle\u0161\u010dina in likovna.<\/p>\n<p>\u0160e naravoslovje \u2013 super, vse bo okej.<br \/>\nU\u010ditelji prijazni so,<br \/>\na slabo, ker \u017ee spra\u0161ujejo.<\/p>\n<p>Maska \u2013 kraljica hodnikov<br \/>\nin darilo u\u010diteljev,<br \/>\nsaj \u010de pozabi\u0161 jo doma,<br \/>\njo u\u010ditelj zate ima.<\/p>\n<p><em><strong>Ester \u0160inkovec, 6. a<\/strong><\/em><\/td>\n<\/tr>\n<\/tbody>\n<\/table>\n<p>&nbsp;<\/p>\n<p>&nbsp;<\/p>\n","protected":false},"excerpt":{"rendered":"<p>Kako sta prvi mesec v \u0161estem razredu do\u017eiveli Ema in [&hellip;]<\/p>\n","protected":false},"author":56163,"featured_media":19363,"comment_status":"closed","ping_status":"open","sticky":false,"template":"","format":"standard","meta":{"ngg_post_thumbnail":0,"footnotes":""},"categories":[35,55],"tags":[],"class_list":["post-19351","post","type-post","status-publish","format-standard","has-post-thumbnail","hentry","category-2-triletje","category-dogajanje"],"_links":{"self":[{"href":"https:\/\/sola-poljane.splet.arnes.si\/index.php?rest_route=\/wp\/v2\/posts\/19351","targetHints":{"allow":["GET"]}}],"collection":[{"href":"https:\/\/sola-poljane.splet.arnes.si\/index.php?rest_route=\/wp\/v2\/posts"}],"about":[{"href":"https:\/\/sola-poljane.splet.arnes.si\/index.php?rest_route=\/wp\/v2\/types\/post"}],"author":[{"embeddable":true,"href":"https:\/\/sola-poljane.splet.arnes.si\/index.php?rest_route=\/wp\/v2\/users\/56163"}],"replies":[{"embeddable":true,"href":"https:\/\/sola-poljane.splet.arnes.si\/index.php?rest_route=%2Fwp%2Fv2%2Fcomments&post=19351"}],"version-history":[{"count":7,"href":"https:\/\/sola-poljane.splet.arnes.si\/index.php?rest_route=\/wp\/v2\/posts\/19351\/revisions"}],"predecessor-version":[{"id":19367,"href":"https:\/\/sola-poljane.splet.arnes.si\/index.php?rest_route=\/wp\/v2\/posts\/19351\/revisions\/19367"}],"wp:featuredmedia":[{"embeddable":true,"href":"https:\/\/sola-poljane.splet.arnes.si\/index.php?rest_route=\/wp\/v2\/media\/19363"}],"wp:attachment":[{"href":"https:\/\/sola-poljane.splet.arnes.si\/index.php?rest_route=%2Fwp%2Fv2%2Fmedia&parent=19351"}],"wp:term":[{"taxonomy":"category","embeddable":true,"href":"https:\/\/sola-poljane.splet.arnes.si\/index.php?rest_route=%2Fwp%2Fv2%2Fcategories&post=19351"},{"taxonomy":"post_tag","embeddable":true,"href":"https:\/\/sola-poljane.splet.arnes.si\/index.php?rest_route=%2Fwp%2Fv2%2Ftags&post=19351"}],"curies":[{"name":"wp","href":"https:\/\/api.w.org\/{rel}","templated":true}]}}