{"id":19271,"date":"2020-09-24T08:56:03","date_gmt":"2020-09-24T06:56:03","guid":{"rendered":"http:\/\/sola-poljane.splet.arnes.si\/?p=19271"},"modified":"2020-09-24T08:56:19","modified_gmt":"2020-09-24T06:56:19","slug":"pohod-petosolcev-na-bukov-vrh-tudi-v-verzih","status":"publish","type":"post","link":"https:\/\/sola-poljane.splet.arnes.si\/?p=19271","title":{"rendered":"Pohod peto\u0161olcev na Bukov vrh \u2013 tudi v verzih"},"content":{"rendered":"<p><span style=\"color: #008000\"><strong>POHOD NA BUKOV VRH<\/strong><\/span><\/p>\n<p>V torek smo dobili obvestilo,<br \/>\nnaj v sredo na Bukov vrh pohitimo.<br \/>\nNahrbtnike smo pripravili<br \/>\nin na pohod se odpravili.<\/p>\n<p>Med potjo je bilo zelo lepo,<br \/>\nsaj konji\u010dke, kozli\u010dke, osli\u010dke<br \/>\nin psi\u010dke videli smo.<\/p>\n<p>Psi\u010dek skoraj ugriznil nas je,<br \/>\nsaj v nahrbtniku klobasica zadi\u0161ala mu je.<br \/>\nNeka punca je AAAA zavpila,<br \/>\nsaj ob kamen se je spotaknila.<\/p>\n<p>Ko v \u0161olo smo pri\u0161li,<br \/>\nsmo bili veseli vsi.<\/p>\n<p><em><strong>Janja, Anamarija in Veronika, 5. b<\/strong><\/em><\/p>\n<p>&nbsp;<\/p>\nngg_shortcode_0_placeholder\n","protected":false},"excerpt":{"rendered":"<p>POHOD NA BUKOV VRH V torek smo dobili obvestilo, naj [&hellip;]<\/p>\n","protected":false},"author":56163,"featured_media":19275,"comment_status":"closed","ping_status":"open","sticky":false,"template":"","format":"standard","meta":{"ngg_post_thumbnail":0,"footnotes":""},"categories":[35,29,55],"tags":[],"class_list":["post-19271","post","type-post","status-publish","format-standard","has-post-thumbnail","hentry","category-2-triletje","category-dnevi-dejavnosti-3-triada","category-dogajanje"],"_links":{"self":[{"href":"https:\/\/sola-poljane.splet.arnes.si\/index.php?rest_route=\/wp\/v2\/posts\/19271","targetHints":{"allow":["GET"]}}],"collection":[{"href":"https:\/\/sola-poljane.splet.arnes.si\/index.php?rest_route=\/wp\/v2\/posts"}],"about":[{"href":"https:\/\/sola-poljane.splet.arnes.si\/index.php?rest_route=\/wp\/v2\/types\/post"}],"author":[{"embeddable":true,"href":"https:\/\/sola-poljane.splet.arnes.si\/index.php?rest_route=\/wp\/v2\/users\/56163"}],"replies":[{"embeddable":true,"href":"https:\/\/sola-poljane.splet.arnes.si\/index.php?rest_route=%2Fwp%2Fv2%2Fcomments&post=19271"}],"version-history":[{"count":3,"href":"https:\/\/sola-poljane.splet.arnes.si\/index.php?rest_route=\/wp\/v2\/posts\/19271\/revisions"}],"predecessor-version":[{"id":19279,"href":"https:\/\/sola-poljane.splet.arnes.si\/index.php?rest_route=\/wp\/v2\/posts\/19271\/revisions\/19279"}],"wp:featuredmedia":[{"embeddable":true,"href":"https:\/\/sola-poljane.splet.arnes.si\/index.php?rest_route=\/wp\/v2\/media\/19275"}],"wp:attachment":[{"href":"https:\/\/sola-poljane.splet.arnes.si\/index.php?rest_route=%2Fwp%2Fv2%2Fmedia&parent=19271"}],"wp:term":[{"taxonomy":"category","embeddable":true,"href":"https:\/\/sola-poljane.splet.arnes.si\/index.php?rest_route=%2Fwp%2Fv2%2Fcategories&post=19271"},{"taxonomy":"post_tag","embeddable":true,"href":"https:\/\/sola-poljane.splet.arnes.si\/index.php?rest_route=%2Fwp%2Fv2%2Ftags&post=19271"}],"curies":[{"name":"wp","href":"https:\/\/api.w.org\/{rel}","templated":true}]}}