{"id":19239,"date":"2020-09-23T20:18:04","date_gmt":"2020-09-23T18:18:04","guid":{"rendered":"http:\/\/sola-poljane.splet.arnes.si\/?p=19239"},"modified":"2020-10-12T13:06:28","modified_gmt":"2020-10-12T11:06:28","slug":"drzavno-prvenstvo-v-orientacijskem-teku-ekipno-2-mesto-v-kategoriji-c-in-kolajna-za-2-mesto-davidu-kriznarju","status":"publish","type":"post","link":"https:\/\/sola-poljane.splet.arnes.si\/?p=19239","title":{"rendered":"Dr\u017eavno prvenstvo v orientacijskem teku \u2013 ekipno 2. mesto v kategoriji C in kolajna za 2. mesto Davidu Kri\u017enarju!"},"content":{"rendered":"<p style=\"text-align: justify\">V sredo, 23. septembra 2020, na dan praznovanja slovenskega \u0161porta smo se udele\u017eili\u00a0<span style=\"color: #0000ff\"><strong>dr\u017eavnega prvenstva v orientacijskem teku za osnovne in srednje \u0161ole<\/strong><\/span>. Tekmovanje je potekalo v \u010crnu\u010dah na O\u0160 Maksa Pe\u010darja. Zaradi koronakrize je tekmovanje izjemoma potekalo samo v kategorijah C (u\u010denci 8. in 9. razreda) in D (dijaki 1. do 3. letnika srednje \u0161ole). Kljub temu se je tekmovanja udele\u017eilo 310 tekmovalk in tekmovalcev.<br \/>\nLeto\u0161nja izvedba tekmovanja je bila res posebna, saj smo zaradi koronavirusa tekmovanje izpeljali na kronometrski na\u010din. To pomeni, da so se tekmovalci posamezne \u0161ole odpravljali na progo od najhitrej\u0161ega navzdol v za to dolo\u010denem \u010dasovnem koridorju za dolo\u010deno \u0161olo.<br \/>\nProga je bila po mnenju vseh mentorjev precej zahtevna in tudi dalj\u0161a kot v predhodnih izvedbah. Teren je bil dokaj raz\u010dlenjen in s kar nekaj detajli. Zaradi de\u017eja pa je bila podlaga zelo zahtevna.<br \/>\nZa na\u0161o \u0161olo so izvrstne uvrstitve dosegli <span style=\"color: #0000ff\">David Kri\u017enar<\/span>, in sicer se je uvrstil na 2. mesto, <span style=\"color: #0000ff\">Jakob Pisk<\/span> je osvojil 14. mesto, <span style=\"color: #0000ff\">Dominik Pisk<\/span> pa je bil takoj za njim. Tekmovali so tudi <span style=\"color: #0000ff\">Bla\u017e \u0160ubic<\/span>, ki je osvojil 39. mesto, in <span style=\"color: #0000ff\">Timotej Kos<\/span>, ki je bil uvr\u0161\u010den takoj za njim. Med neuvr\u0161\u010denimi pa je bil <span style=\"color: #0000ff\">Miha Dolenc<\/span>, ki je zgre\u0161il eno kontrolno to\u010dko. Ekipno so fantje dosegli odli\u010dno 2. mesto med 16 sodelujo\u010dimi \u0161olami.<br \/>\nMed dekleti sta na\u0161o \u0161olo zastopali <span style=\"color: #ff6600\">Lu\u010dka Ficko<\/span>, ki je zasedla 29. mesto, za njo se je na 30. mesto uvrstila <span style=\"color: #ff6600\">Brina Frlan<\/span>. Ekipno sta na\u0161i u\u010denki dosegli 10. mesto med 12 sodelujo\u010dimi \u0161olami.<\/p>\n<p style=\"text-align: justify\"><strong>\u010cestitke vsem tekmovalkam in tekmovalcem, ki so se spoprijeli s progo in jo tudi brez izjeme uspe\u0161no zaklju\u010dili, \u0161e posebej pa dobitniku kolajne <span style=\"color: #3366ff\">Davidu Kri\u017enarju in fantovski ekipi.<\/span><\/strong><\/p>\n<p>&nbsp;<\/p>\n<p><em>Mentor: <strong>Ale\u0161 Mrak<\/strong><\/em><\/p>\n<p>&nbsp;<\/p>\n<p style=\"text-align: center\"><a href=\"http:\/\/sola-poljane.splet.arnes.si\/files\/2020\/09\/An\u017ee-Kri\u017enar_medalja_ori-2021-3-scaled.jpg\"><img loading=\"lazy\" decoding=\"async\" class=\"alignnone size-medium wp-image-19433\" src=\"http:\/\/sola-poljane.splet.arnes.si\/files\/2020\/09\/An\u017ee-Kri\u017enar_medalja_ori-2021-3-225x300.jpg\" alt=\"\" width=\"225\" height=\"300\" srcset=\"https:\/\/sola-poljane.splet.arnes.si\/files\/2020\/09\/An\u017ee-Kri\u017enar_medalja_ori-2021-3-225x300.jpg 225w, https:\/\/sola-poljane.splet.arnes.si\/files\/2020\/09\/An\u017ee-Kri\u017enar_medalja_ori-2021-3-768x1024.jpg 768w, https:\/\/sola-poljane.splet.arnes.si\/files\/2020\/09\/An\u017ee-Kri\u017enar_medalja_ori-2021-3-41x55.jpg 41w, https:\/\/sola-poljane.splet.arnes.si\/files\/2020\/09\/An\u017ee-Kri\u017enar_medalja_ori-2021-3-1152x1536.jpg 1152w, https:\/\/sola-poljane.splet.arnes.si\/files\/2020\/09\/An\u017ee-Kri\u017enar_medalja_ori-2021-3-1536x2048.jpg 1536w, https:\/\/sola-poljane.splet.arnes.si\/files\/2020\/09\/An\u017ee-Kri\u017enar_medalja_ori-2021-3-947x1263.jpg 947w, https:\/\/sola-poljane.splet.arnes.si\/files\/2020\/09\/An\u017ee-Kri\u017enar_medalja_ori-2021-3-624x832.jpg 624w, https:\/\/sola-poljane.splet.arnes.si\/files\/2020\/09\/An\u017ee-Kri\u017enar_medalja_ori-2021-3-scaled.jpg 1920w\" sizes=\"auto, (max-width: 225px) 100vw, 225px\" \/><\/a><\/p>\n<p style=\"text-align: center\"><em><strong><span style=\"color: #ff6600\">David Kri\u017enar je z zamudo dobil srebrno medaljo.<\/span><\/strong><\/em><\/p>\n<p>&nbsp;<\/p>\n<p style=\"text-align: left\">ngg_shortcode_0_placeholder<\/p>\n","protected":false},"excerpt":{"rendered":"<p>V sredo, 23. septembra 2020, na dan praznovanja slovenskega \u0161porta [&hellip;]<\/p>\n","protected":false},"author":56163,"featured_media":19425,"comment_status":"closed","ping_status":"open","sticky":false,"template":"","format":"standard","meta":{"ngg_post_thumbnail":0,"footnotes":""},"categories":[55,59],"tags":[],"class_list":["post-19239","post","type-post","status-publish","format-standard","has-post-thumbnail","hentry","category-dogajanje","category-sportna-tekmovanja"],"_links":{"self":[{"href":"https:\/\/sola-poljane.splet.arnes.si\/index.php?rest_route=\/wp\/v2\/posts\/19239","targetHints":{"allow":["GET"]}}],"collection":[{"href":"https:\/\/sola-poljane.splet.arnes.si\/index.php?rest_route=\/wp\/v2\/posts"}],"about":[{"href":"https:\/\/sola-poljane.splet.arnes.si\/index.php?rest_route=\/wp\/v2\/types\/post"}],"author":[{"embeddable":true,"href":"https:\/\/sola-poljane.splet.arnes.si\/index.php?rest_route=\/wp\/v2\/users\/56163"}],"replies":[{"embeddable":true,"href":"https:\/\/sola-poljane.splet.arnes.si\/index.php?rest_route=%2Fwp%2Fv2%2Fcomments&post=19239"}],"version-history":[{"count":4,"href":"https:\/\/sola-poljane.splet.arnes.si\/index.php?rest_route=\/wp\/v2\/posts\/19239\/revisions"}],"predecessor-version":[{"id":19435,"href":"https:\/\/sola-poljane.splet.arnes.si\/index.php?rest_route=\/wp\/v2\/posts\/19239\/revisions\/19435"}],"wp:featuredmedia":[{"embeddable":true,"href":"https:\/\/sola-poljane.splet.arnes.si\/index.php?rest_route=\/wp\/v2\/media\/19425"}],"wp:attachment":[{"href":"https:\/\/sola-poljane.splet.arnes.si\/index.php?rest_route=%2Fwp%2Fv2%2Fmedia&parent=19239"}],"wp:term":[{"taxonomy":"category","embeddable":true,"href":"https:\/\/sola-poljane.splet.arnes.si\/index.php?rest_route=%2Fwp%2Fv2%2Fcategories&post=19239"},{"taxonomy":"post_tag","embeddable":true,"href":"https:\/\/sola-poljane.splet.arnes.si\/index.php?rest_route=%2Fwp%2Fv2%2Ftags&post=19239"}],"curies":[{"name":"wp","href":"https:\/\/api.w.org\/{rel}","templated":true}]}}