{"id":19213,"date":"2020-09-18T20:39:04","date_gmt":"2020-09-18T18:39:04","guid":{"rendered":"http:\/\/sola-poljane.splet.arnes.si\/?p=19213"},"modified":"2020-09-18T20:40:46","modified_gmt":"2020-09-18T18:40:46","slug":"cetrtosolci-ze-na-gabrski-gori","status":"publish","type":"post","link":"https:\/\/sola-poljane.splet.arnes.si\/?p=19213","title":{"rendered":"\u010cetrto\u0161olci \u017ee na Gabr\u0161ki gori"},"content":{"rendered":"<p style=\"text-align: justify\">V \u010detrtek, 17. 9. 2020, smo imeli <span style=\"color: #3366ff\"><strong>u\u010denci 4. razredov<\/strong><\/span> \u0161portni dan. Od\u0161li smo na Gabr\u0161ko goro. Pohod je bil zelo prijeten, saj smo imeli krasen son\u010den dan. Med hojo smo opazovali naravo in na\u0161li kar nekaj gob, ki so jih u\u010denci z veseljem odnesli domov. Na vrhu so se vsi razposajeno igrali in \u010das, ko smo se morali vrniti v \u0161olo, je vsem\u00a0 prehitro minil. Bilo je prijetno in spro\u0161\u010deno. Verjamem, da si vsi \u017eelimo \u0161e ve\u010d tak\u0161nih dni.<\/p>\nngg_shortcode_0_placeholder\n<p>&nbsp;<\/p>\n<p>&nbsp;<\/p>\n","protected":false},"excerpt":{"rendered":"<p>V \u010detrtek, 17. 9. 2020, smo imeli u\u010denci 4. razredov [&hellip;]<\/p>\n","protected":false},"author":56163,"featured_media":19215,"comment_status":"closed","ping_status":"open","sticky":false,"template":"","format":"standard","meta":{"ngg_post_thumbnail":0,"footnotes":""},"categories":[35,29,55],"tags":[],"class_list":["post-19213","post","type-post","status-publish","format-standard","has-post-thumbnail","hentry","category-2-triletje","category-dnevi-dejavnosti-3-triada","category-dogajanje"],"_links":{"self":[{"href":"https:\/\/sola-poljane.splet.arnes.si\/index.php?rest_route=\/wp\/v2\/posts\/19213","targetHints":{"allow":["GET"]}}],"collection":[{"href":"https:\/\/sola-poljane.splet.arnes.si\/index.php?rest_route=\/wp\/v2\/posts"}],"about":[{"href":"https:\/\/sola-poljane.splet.arnes.si\/index.php?rest_route=\/wp\/v2\/types\/post"}],"author":[{"embeddable":true,"href":"https:\/\/sola-poljane.splet.arnes.si\/index.php?rest_route=\/wp\/v2\/users\/56163"}],"replies":[{"embeddable":true,"href":"https:\/\/sola-poljane.splet.arnes.si\/index.php?rest_route=%2Fwp%2Fv2%2Fcomments&post=19213"}],"version-history":[{"count":2,"href":"https:\/\/sola-poljane.splet.arnes.si\/index.php?rest_route=\/wp\/v2\/posts\/19213\/revisions"}],"predecessor-version":[{"id":19219,"href":"https:\/\/sola-poljane.splet.arnes.si\/index.php?rest_route=\/wp\/v2\/posts\/19213\/revisions\/19219"}],"wp:featuredmedia":[{"embeddable":true,"href":"https:\/\/sola-poljane.splet.arnes.si\/index.php?rest_route=\/wp\/v2\/media\/19215"}],"wp:attachment":[{"href":"https:\/\/sola-poljane.splet.arnes.si\/index.php?rest_route=%2Fwp%2Fv2%2Fmedia&parent=19213"}],"wp:term":[{"taxonomy":"category","embeddable":true,"href":"https:\/\/sola-poljane.splet.arnes.si\/index.php?rest_route=%2Fwp%2Fv2%2Fcategories&post=19213"},{"taxonomy":"post_tag","embeddable":true,"href":"https:\/\/sola-poljane.splet.arnes.si\/index.php?rest_route=%2Fwp%2Fv2%2Ftags&post=19213"}],"curies":[{"name":"wp","href":"https:\/\/api.w.org\/{rel}","templated":true}]}}