{"id":18897,"date":"2020-08-28T19:08:12","date_gmt":"2020-08-28T17:08:12","guid":{"rendered":"http:\/\/sola-poljane.splet.arnes.si\/?p=18897"},"modified":"2020-09-02T08:26:22","modified_gmt":"2020-09-02T06:26:22","slug":"sola-v-naravi-za-ucence-5-razreda-2","status":"publish","type":"post","link":"https:\/\/sola-poljane.splet.arnes.si\/?p=18897","title":{"rendered":"\u0160ola v naravi za u\u010dence 5. razreda"},"content":{"rendered":"\n<p>1. dan<\/p>\n\n\n\n<p>Prvi dan za\u010detka koronskega \u0161olskega leta za peto\u0161olce in \u0161ole v naravi je za nami. Re\u010dem lahko, da smo bili uspe\u0161ni, saj smo takoj poprijeli za delo. Vremenske razmere so bile idealne, temperatura vode po na\u0161ih meritvah je kar 27\u02daC. Skratka za delo na bazenu in v vodi ne bi moglo biti bolj\u0161e. Po plavanju je sledila obilna ve\u010derja in ve\u010derni sprehod v okolici nastanitve. Z razgledne to\u010dke smo si pogledali celotno na\u0161o obali in koprsko pristani\u0161\u010de. Dan smo zaklju\u010dili polni pozitivnih vtisov. Sledila je priprava na spanje in za tem \u0161e kratka pravljica za piko na i.<\/p>\n\n\n\nngg_shortcode_0_placeholder\n\n\n\n<p class=\"has-text-align-center\">*****<\/p>\n\n\n\n<p>2. dan<\/p>\n\n\n\n<p>Pester dan je za nami. Dopoldanski del smo izkoristili za ogled Pirana in akvarija. V Piran smo se odpravili z barko, morje je bilo mirno, plovba prijetna. Akvarij je bil prav tako zanimiv, za zaklju\u010dek ogleda mesta Piran pa smo se posladkali \u0161e s sladoledom.<br>Popoldanski del je bil pa \u0161e posebej pester. Izkoristili smo ga za nabiranje plavalnega znanja. Veliko u\u010dencev je plavalno znanje preizku\u0161alo poleg bazena tudi v morju, vsi so bili uspe\u0161ni, kljub bolj razburkanemu morju. U\u010denci lepo napredujejo. Po ve\u010derji je sledilo \u0161portno in kulturno dogajanje. U\u010denci, ki so \u017eeleli odigrati nogomet, so se zbrali na nogometnem igri\u0161\u010du in po eni uri igre je bil rezultat \u0161e vedno poravnan na 8:8, kar pomeni, da bomo morali jutri nadaljevati z drugim pol\u010dasom. Tisti, ki pa jim je bli\u017ee kultura, pa so lahko prisostvovali koncertu mladih filharmonikov v amfiteatru. Koncert je bil zelo zanimiv in nastopajo\u010di so po\u017eeli velik aplavz. Ve\u010derni del pa smo izkoristili \u0161e za nekaj dru\u017eabnih iger in pripravo na spanje. Dan je bil pol dogajanja, zato so u\u010denci svoje vtise strnili \u0161e v kratkem zapisu dnevnika. Po kratki pravljici pa sledi po\u010ditek in nabiranje mo\u010di za nov dan.<\/p>\n\n\n\nngg_shortcode_1_placeholder\n\n\n\n<p class=\"has-text-align-center\">*****<\/p>\n\n\n\n<p>3. dan<\/p>\n\n\n\n<p>Za nami je \u0161e en \u010dudovit dan. Temperature zraka in morja so \u0161e vedno visoke, je pa bilo danes zelo vetrovno. Tako dopoldansko kot popoldansko plavanje smo izkoristili za osvajanje novega znanja in ve\u0161\u010din na vodi. Potekalo je tudi testiranje za delfin\u010dke. Nekateri so se preizkusili tudi na kajaku in ugotovili, da je v vetrovnih razmerah to zelo zahteven \u0161port. Poleg dejavnosti v vodi in ob vodi smo tekom dneva izpeljali tudi u\u010dne dejavnosti, ki \u017ee klasi\u010dno potekajo na prostem, v prijetnem okolju. Ve\u010der je bil zopet namenjen \u0161portu in sicer nogometu ter odbojki. Na odbojkarski tekmo je bilo \u0161e posebej napeto, saj sta se pomerili ekipi obeh razredni\u010dark. V vlogi trenerk sta z napotki pomagali vsaka svoji ekipi in videti je bilo, da je to \u0161e kar zahtevno delo. Pred spanjem je sledila \u0161e kratka pravljica in \u010das za no\u010dni po\u010ditek. &nbsp;&nbsp;&nbsp;<\/p>\n\n\n\nngg_shortcode_2_placeholder\n\n\n\n<p class=\"has-text-align-center\">*****<\/p>\n\n\n\n<p>4. dan<\/p>\n\n\n\n<figure class=\"wp-block-image size-large\"><img loading=\"lazy\" decoding=\"async\" width=\"810\" height=\"360\" src=\"https:\/\/sola-poljane.splet.arnes.si\/files\/2020\/08\/SVN_5r_2020_4.jpg\" alt=\"\" class=\"wp-image-18919\" srcset=\"https:\/\/sola-poljane.splet.arnes.si\/files\/2020\/08\/SVN_5r_2020_4.jpg 810w, https:\/\/sola-poljane.splet.arnes.si\/files\/2020\/08\/SVN_5r_2020_4-300x133.jpg 300w, https:\/\/sola-poljane.splet.arnes.si\/files\/2020\/08\/SVN_5r_2020_4-768x341.jpg 768w, https:\/\/sola-poljane.splet.arnes.si\/files\/2020\/08\/SVN_5r_2020_4-124x55.jpg 124w, https:\/\/sola-poljane.splet.arnes.si\/files\/2020\/08\/SVN_5r_2020_4-624x277.jpg 624w\" sizes=\"auto, (max-width: 810px) 100vw, 810px\" \/><\/figure>\n\n\n\nngg_shortcode_3_placeholder\n\n\n\n<p class=\"has-text-align-center\">*****<\/p>\n\n\n\n<p>5. dan<\/p>\n\n\n\nngg_shortcode_4_placeholder\n","protected":false},"excerpt":{"rendered":"<p>1. dan Prvi dan za\u010detka koronskega \u0161olskega leta za peto\u0161olce [&hellip;]<\/p>\n","protected":false},"author":1973,"featured_media":18907,"comment_status":"closed","ping_status":"open","sticky":false,"template":"","format":"standard","meta":{"ngg_post_thumbnail":0,"footnotes":""},"categories":[35,55],"tags":[],"class_list":["post-18897","post","type-post","status-publish","format-standard","has-post-thumbnail","hentry","category-2-triletje","category-dogajanje"],"_links":{"self":[{"href":"https:\/\/sola-poljane.splet.arnes.si\/index.php?rest_route=\/wp\/v2\/posts\/18897","targetHints":{"allow":["GET"]}}],"collection":[{"href":"https:\/\/sola-poljane.splet.arnes.si\/index.php?rest_route=\/wp\/v2\/posts"}],"about":[{"href":"https:\/\/sola-poljane.splet.arnes.si\/index.php?rest_route=\/wp\/v2\/types\/post"}],"author":[{"embeddable":true,"href":"https:\/\/sola-poljane.splet.arnes.si\/index.php?rest_route=\/wp\/v2\/users\/1973"}],"replies":[{"embeddable":true,"href":"https:\/\/sola-poljane.splet.arnes.si\/index.php?rest_route=%2Fwp%2Fv2%2Fcomments&post=18897"}],"version-history":[{"count":8,"href":"https:\/\/sola-poljane.splet.arnes.si\/index.php?rest_route=\/wp\/v2\/posts\/18897\/revisions"}],"predecessor-version":[{"id":18953,"href":"https:\/\/sola-poljane.splet.arnes.si\/index.php?rest_route=\/wp\/v2\/posts\/18897\/revisions\/18953"}],"wp:featuredmedia":[{"embeddable":true,"href":"https:\/\/sola-poljane.splet.arnes.si\/index.php?rest_route=\/wp\/v2\/media\/18907"}],"wp:attachment":[{"href":"https:\/\/sola-poljane.splet.arnes.si\/index.php?rest_route=%2Fwp%2Fv2%2Fmedia&parent=18897"}],"wp:term":[{"taxonomy":"category","embeddable":true,"href":"https:\/\/sola-poljane.splet.arnes.si\/index.php?rest_route=%2Fwp%2Fv2%2Fcategories&post=18897"},{"taxonomy":"post_tag","embeddable":true,"href":"https:\/\/sola-poljane.splet.arnes.si\/index.php?rest_route=%2Fwp%2Fv2%2Ftags&post=18897"}],"curies":[{"name":"wp","href":"https:\/\/api.w.org\/{rel}","templated":true}]}}