{"id":18431,"date":"2020-05-18T11:19:13","date_gmt":"2020-05-18T09:19:13","guid":{"rendered":"http:\/\/sola-poljane.splet.arnes.si\/?p=18431"},"modified":"2020-09-07T13:39:43","modified_gmt":"2020-09-07T11:39:43","slug":"ucenke-in-ucenci-2-a-med-solanjem-doma","status":"publish","type":"post","link":"https:\/\/sola-poljane.splet.arnes.si\/?p=18431","title":{"rendered":"Tudi u\u010denke in u\u010denci 2. a do\u010dakali konec \u0161olanja doma"},"content":{"rendered":"<p>Tudi u\u010denke in u\u010denci 2. a so svoje \u0161olanje na daljavo za\u010deli kar \u010dez no\u010d. \u017de kmalu so <span style=\"color: #0000ff\"><strong>so\u0161olcem pisali pisma<\/strong><\/span>, v katerih so pripovedovali, kako jim gre <span style=\"color: #0000ff\">\u0161ola prek ra\u010dunalnika<\/span>. Sporo\u010dali so tudi, da jim je <span style=\"color: #0000ff\">dolg\u010das po prijateljih<\/span>.<\/p>\n<p>&nbsp;<\/p>\n<p><a href=\"http:\/\/sola-poljane.splet.arnes.si\/files\/2020\/05\/Brin-_pismo-so\u0161olcem_-23.04.-1_a-e1589741113394.jpg\"><img loading=\"lazy\" decoding=\"async\" class=\"alignnone wp-image-18437\" src=\"http:\/\/sola-poljane.splet.arnes.si\/files\/2020\/05\/Brin-_pismo-so\u0161olcem_-23.04.-1_a-205x300.jpg\" alt=\"\" width=\"290\" height=\"424\" \/><\/a>\u00a0\u00a0 \u00a0 \u00a0 \u00a0 \u00a0 \u00a0 \u00a0 \u00a0 \u00a0 \u00a0 \u00a0 \u00a0\u00a0<a href=\"http:\/\/sola-poljane.splet.arnes.si\/files\/2020\/05\/Anja-_pismo-so\u0161olcem_-23.04.-1-e1589740852225.jpg\"><img loading=\"lazy\" decoding=\"async\" class=\"alignnone wp-image-18433\" src=\"http:\/\/sola-poljane.splet.arnes.si\/files\/2020\/05\/Anja-_pismo-so\u0161olcem_-23.04.-1-212x300.jpg\" alt=\"\" width=\"299\" height=\"422\" \/><\/a><\/p>\n<p>&nbsp;<\/p>\n<p><span style=\"color: #008000\"><strong>Risali so pokrajino, pomlad in pisali pesmice o maju.<\/strong><\/span><\/p>\nngg_shortcode_0_placeholder\n<p>&nbsp;<\/p>\n<p><span style=\"color: #ff6600\"><strong>Tudi dva \u0161portna dneva so opravili &#8211; ve\u010dinoma v dru\u017einskem krogu. Zadnji pohod je bil povezan z orientacijo.<\/strong><\/span><\/p>\n<p><strong>Takole so o \u0161portnem dnevu zapisali &#8230;<\/strong><\/p>\n<p><strong>Janova dru\u017eina<br \/>\n<\/strong>Naredili smo kar velik krog in prehodili del poti ob\u010dinskega pohodnega kroga. Od doma smo se odpravili pe\u0161 do cerkve na Gabr\u0161ki gori in nadaljevali \u010dez vrh Gabr\u0161ke gore, Ple\u0161avnikov vrh in do voja\u0161ke ceste, ki vodi naprej proti Sopotnici, Lubniku. Na Predolah smo zavili na gozdno pot proti Delnicam in malce pred temo smo bili doma. Z Janom sva ozna\u010dila prehojeno pot na zemljevidu. Skiciral\u00a0 je tudi dom z okolico in igrali smo se igro iskanja sladkega zaklada. Otroci so bili navdu\u0161eni.<\/p>\n<p><strong>Metina dru\u017eina<br \/>\n<\/strong>Bili smo na Valterskem vrhu. Tako blizu, a tako neznani zanimivi kraji!<\/p>\n<p><strong>Da\u0161ina dru\u017eina<br \/>\n<\/strong>Opravili smo vikend pohod na Gabr\u0161ko goro. Tokrat smo naredili krog po poti, kjer \u0161e nismo hodili. Izpred hi\u0161e smo se povzpeli po drugi strani kot gremo obi\u010dajno, vrnili pa smo se \u010dez Delnice in potem nazaj v Podobeno.<\/p>\n<p><strong>Ma\u0161ina dru\u017eina<br \/>\n<\/strong>Na \u0161portnem dnevu smo bili res super pridni &#8211; v 3 urah smo prehodili 7 km. Vmes so si otroci namo\u010dili noge v Sori. Pot je Ma\u0161a ozna\u010dila tudi na zemljevidu, kot je bilo v navodilih.<\/p>\n<p><strong>Anitina dru\u017eina<br \/>\n<\/strong>Obiskali smo vremenski radar na Pasji ravni.<\/p>\n<p><strong>Anjina dru\u017eina<br \/>\n<\/strong>Pa nam je le uspelo opraviti pohod za \u0161portni dan! Cel teden smo \u010dakali lepo vreme, pa ga \u017eal tudi danes nismo bili dele\u017eni. Pot nas je vodila od \u010crnega kala do vrha Blego\u0161a.<\/p>\n<p><strong>Vitanova dru\u017eina<br \/>\n<\/strong>Z nami delijo nekaj utrinkov s \u0161portnega dneva (Hotovlja ~ Smoldno ~ Vol\u010da ~ Hotovlja).<\/p>\nngg_shortcode_1_placeholder\n<p>&nbsp;<\/p>\n<p><span style=\"color: #800080\"><strong>Za konec pa \u0161e Nikino razmi\u0161ljanje pred vnovi\u010dnim za\u010detkom pouka.<\/strong><\/span><\/p>\n<p>&nbsp;<\/p>\n<p><a href=\"http:\/\/sola-poljane.splet.arnes.si\/files\/2020\/05\/Nika_vtisi_15.5.-1_a-e1589793258860.jpg\"><img loading=\"lazy\" decoding=\"async\" class=\"wp-image-18463 aligncenter\" src=\"http:\/\/sola-poljane.splet.arnes.si\/files\/2020\/05\/Nika_vtisi_15.5.-1_a-227x300.jpg\" alt=\"\" width=\"361\" height=\"477\" \/><\/a><\/p>\n<p>&nbsp;<\/p>\n<p>&nbsp;<\/p>\n","protected":false},"excerpt":{"rendered":"<p>Tudi u\u010denke in u\u010denci 2. a so svoje \u0161olanje na [&hellip;]<\/p>\n","protected":false},"author":56163,"featured_media":18469,"comment_status":"closed","ping_status":"open","sticky":false,"template":"","format":"standard","meta":{"ngg_post_thumbnail":0,"footnotes":""},"categories":[7,55],"tags":[],"class_list":["post-18431","post","type-post","status-publish","format-standard","has-post-thumbnail","hentry","category-dnevi-dejavnosti","category-dogajanje"],"_links":{"self":[{"href":"https:\/\/sola-poljane.splet.arnes.si\/index.php?rest_route=\/wp\/v2\/posts\/18431","targetHints":{"allow":["GET"]}}],"collection":[{"href":"https:\/\/sola-poljane.splet.arnes.si\/index.php?rest_route=\/wp\/v2\/posts"}],"about":[{"href":"https:\/\/sola-poljane.splet.arnes.si\/index.php?rest_route=\/wp\/v2\/types\/post"}],"author":[{"embeddable":true,"href":"https:\/\/sola-poljane.splet.arnes.si\/index.php?rest_route=\/wp\/v2\/users\/56163"}],"replies":[{"embeddable":true,"href":"https:\/\/sola-poljane.splet.arnes.si\/index.php?rest_route=%2Fwp%2Fv2%2Fcomments&post=18431"}],"version-history":[{"count":16,"href":"https:\/\/sola-poljane.splet.arnes.si\/index.php?rest_route=\/wp\/v2\/posts\/18431\/revisions"}],"predecessor-version":[{"id":18473,"href":"https:\/\/sola-poljane.splet.arnes.si\/index.php?rest_route=\/wp\/v2\/posts\/18431\/revisions\/18473"}],"wp:featuredmedia":[{"embeddable":true,"href":"https:\/\/sola-poljane.splet.arnes.si\/index.php?rest_route=\/wp\/v2\/media\/18469"}],"wp:attachment":[{"href":"https:\/\/sola-poljane.splet.arnes.si\/index.php?rest_route=%2Fwp%2Fv2%2Fmedia&parent=18431"}],"wp:term":[{"taxonomy":"category","embeddable":true,"href":"https:\/\/sola-poljane.splet.arnes.si\/index.php?rest_route=%2Fwp%2Fv2%2Fcategories&post=18431"},{"taxonomy":"post_tag","embeddable":true,"href":"https:\/\/sola-poljane.splet.arnes.si\/index.php?rest_route=%2Fwp%2Fv2%2Ftags&post=18431"}],"curies":[{"name":"wp","href":"https:\/\/api.w.org\/{rel}","templated":true}]}}