{"id":17755,"date":"2020-04-14T08:24:18","date_gmt":"2020-04-14T06:24:18","guid":{"rendered":"http:\/\/sola-poljane.splet.arnes.si\/?p=17755"},"modified":"2020-09-07T13:41:08","modified_gmt":"2020-09-07T11:41:08","slug":"se-zadnji-utrinki-praznicne-ustvarjalnosti","status":"publish","type":"post","link":"https:\/\/sola-poljane.splet.arnes.si\/?p=17755","title":{"rendered":"\u0160e zadnji utrinki prazni\u010dne ustvarjalnosti"},"content":{"rendered":"<p>Velikono\u010dni prazniki so za nami in veseli nas, da so u\u010denci tako s svojimi kulinari\u010dnimi kot z ostalimi ro\u010dnimi spretnostmi prispevali k \u0161e lep\u0161emu praznovanju svojih dru\u017ein.<\/p>\n<p>&nbsp;<\/p>\n<p><a href=\"http:\/\/sola-poljane.splet.arnes.si\/files\/2020\/04\/IMG_20200411_110858-1-e1587412871298.jpg\"><img loading=\"lazy\" decoding=\"async\" class=\" wp-image-17941\" src=\"http:\/\/sola-poljane.splet.arnes.si\/files\/2020\/04\/IMG_20200411_110858-1-e1587412871298-300x225.jpg\" alt=\"\" width=\"168\" height=\"126\" srcset=\"https:\/\/sola-poljane.splet.arnes.si\/files\/2020\/04\/IMG_20200411_110858-1-e1587412871298-300x225.jpg 300w, https:\/\/sola-poljane.splet.arnes.si\/files\/2020\/04\/IMG_20200411_110858-1-e1587412871298-768x576.jpg 768w, https:\/\/sola-poljane.splet.arnes.si\/files\/2020\/04\/IMG_20200411_110858-1-e1587412871298-1024x768.jpg 1024w, https:\/\/sola-poljane.splet.arnes.si\/files\/2020\/04\/IMG_20200411_110858-1-e1587412871298-73x55.jpg 73w, https:\/\/sola-poljane.splet.arnes.si\/files\/2020\/04\/IMG_20200411_110858-1-e1587412871298-947x710.jpg 947w, https:\/\/sola-poljane.splet.arnes.si\/files\/2020\/04\/IMG_20200411_110858-1-e1587412871298-624x468.jpg 624w\" sizes=\"auto, (max-width: 168px) 100vw, 168px\" \/><\/a><\/p>\n<p><a href=\"http:\/\/sola-poljane.splet.arnes.si\/files\/2020\/04\/IMG_20200411_143015-1-e1587412992153.jpg\"><img loading=\"lazy\" decoding=\"async\" class=\"alignnone wp-image-17945\" src=\"http:\/\/sola-poljane.splet.arnes.si\/files\/2020\/04\/IMG_20200411_143015-1-225x300.jpg\" alt=\"\" width=\"128\" height=\"171\" \/><\/a><\/p>\n<p>&nbsp;<\/p>\nngg_shortcode_0_placeholder\nngg_shortcode_1_placeholder\n<p>&nbsp;<\/p>\n","protected":false},"excerpt":{"rendered":"<p>Velikono\u010dni prazniki so za nami in veseli nas, da so [&hellip;]<\/p>\n","protected":false},"author":56163,"featured_media":17945,"comment_status":"closed","ping_status":"open","sticky":false,"template":"","format":"standard","meta":{"ngg_post_thumbnail":0,"footnotes":""},"categories":[7,29,15,55],"tags":[],"class_list":["post-17755","post","type-post","status-publish","format-standard","has-post-thumbnail","hentry","category-dnevi-dejavnosti","category-dnevi-dejavnosti-3-triada","category-dnevi-dejavnosti-2-triada","category-dogajanje"],"_links":{"self":[{"href":"https:\/\/sola-poljane.splet.arnes.si\/index.php?rest_route=\/wp\/v2\/posts\/17755","targetHints":{"allow":["GET"]}}],"collection":[{"href":"https:\/\/sola-poljane.splet.arnes.si\/index.php?rest_route=\/wp\/v2\/posts"}],"about":[{"href":"https:\/\/sola-poljane.splet.arnes.si\/index.php?rest_route=\/wp\/v2\/types\/post"}],"author":[{"embeddable":true,"href":"https:\/\/sola-poljane.splet.arnes.si\/index.php?rest_route=\/wp\/v2\/users\/56163"}],"replies":[{"embeddable":true,"href":"https:\/\/sola-poljane.splet.arnes.si\/index.php?rest_route=%2Fwp%2Fv2%2Fcomments&post=17755"}],"version-history":[{"count":7,"href":"https:\/\/sola-poljane.splet.arnes.si\/index.php?rest_route=\/wp\/v2\/posts\/17755\/revisions"}],"predecessor-version":[{"id":17951,"href":"https:\/\/sola-poljane.splet.arnes.si\/index.php?rest_route=\/wp\/v2\/posts\/17755\/revisions\/17951"}],"wp:featuredmedia":[{"embeddable":true,"href":"https:\/\/sola-poljane.splet.arnes.si\/index.php?rest_route=\/wp\/v2\/media\/17945"}],"wp:attachment":[{"href":"https:\/\/sola-poljane.splet.arnes.si\/index.php?rest_route=%2Fwp%2Fv2%2Fmedia&parent=17755"}],"wp:term":[{"taxonomy":"category","embeddable":true,"href":"https:\/\/sola-poljane.splet.arnes.si\/index.php?rest_route=%2Fwp%2Fv2%2Fcategories&post=17755"},{"taxonomy":"post_tag","embeddable":true,"href":"https:\/\/sola-poljane.splet.arnes.si\/index.php?rest_route=%2Fwp%2Fv2%2Ftags&post=17755"}],"curies":[{"name":"wp","href":"https:\/\/api.w.org\/{rel}","templated":true}]}}