{"id":17067,"date":"2020-04-02T21:13:49","date_gmt":"2020-04-02T19:13:49","guid":{"rendered":"http:\/\/sola-poljane.splet.arnes.si\/?p=17067"},"modified":"2020-09-07T13:41:08","modified_gmt":"2020-09-07T11:41:08","slug":"sportni-dan-na-daljavo","status":"publish","type":"post","link":"https:\/\/sola-poljane.splet.arnes.si\/?p=17067","title":{"rendered":"\u0160portni dan za vse"},"content":{"rendered":"<p><span style=\"color: #0000ff\"><b><i>Dru\u017eine na \u0161portnem dnevu &#8230;<\/i><\/b><\/span><\/p>\n<p>Spo\u0161tovana gospa ravnateljica in ostali delavci \u0161ole, kot veste, je bil na dana\u0161njem \u0161olskem urniku \u0161portni dan. Rade volje smo izkoristili ta \u010dudovit son\u010den dan in se dru\u017einsko odpravili po na\u0161ih okoli\u0161kih biserih. Nekaj lepot na\u0161e lepe de\u017eele smo pripeli zraven. Obenem pa smo se vam \u017eeleli zahvaliti za vse spodbudne besede, vemo, da nikomur ni enostavno, tudi vam ne. Za ves trud in optimizem ter energijo, ki jo dnevno vlagate v to, da vse poteka kar se da teko\u010de. Tudi mi se trudimo po najbolj\u0161ih mo\u010deh. Verjamem, da nam bo uspelo! Ostanite zdravi, sre\u010dni..<\/p>\n<p><strong>Dru\u017eina Kokelj s P\u0160 Javorje<\/strong><\/p>\n<p>&nbsp;<\/p>\n<p>&nbsp;<\/p>\n<p><a href=\"http:\/\/sola-poljane.splet.arnes.si\/files\/2020\/04\/0001.jpg\"><img loading=\"lazy\" decoding=\"async\" class=\"aligncenter wp-image-17171 \" src=\"http:\/\/sola-poljane.splet.arnes.si\/files\/2020\/04\/0001-294x300.jpg\" alt=\"\" width=\"459\" height=\"468\" srcset=\"https:\/\/sola-poljane.splet.arnes.si\/files\/2020\/04\/0001-294x300.jpg 294w, https:\/\/sola-poljane.splet.arnes.si\/files\/2020\/04\/0001-768x783.jpg 768w, https:\/\/sola-poljane.splet.arnes.si\/files\/2020\/04\/0001-1004x1024.jpg 1004w, https:\/\/sola-poljane.splet.arnes.si\/files\/2020\/04\/0001-54x55.jpg 54w, https:\/\/sola-poljane.splet.arnes.si\/files\/2020\/04\/0001-947x966.jpg 947w, https:\/\/sola-poljane.splet.arnes.si\/files\/2020\/04\/0001-624x637.jpg 624w\" sizes=\"auto, (max-width: 459px) 100vw, 459px\" \/><\/a><\/p>\n<p>&nbsp;<\/p>\nngg_shortcode_0_placeholder\nngg_shortcode_1_placeholder\nngg_shortcode_2_placeholder\nngg_shortcode_3_placeholder\n<p>&nbsp;<\/p>\n<p><span style=\"color: #ff6600\"><strong>Poro\u010dilo v\u010deraj\u0161njega \u0161portnega dne:)<\/strong><\/span><\/p>\n<p>Izhodi\u0161\u010de: vrata doma\u010de hi\u0161e.<br \/>\nCilj: vrata doma\u010de hi\u0161e.<br \/>\nVrh: Gabr\u0161ka gora.<br \/>\nUra odhoda izpred doma\u010dih vrat: 8.15<br \/>\nDejavnosti med pohodom: iskanje \u017eivalskih sledi, miganje ob, na drevesih in okrog njih (u\u010ditelj Uro\u0161 in u\u010ditelj Ale\u0161, hvala za zanimiva video prispevka).<br \/>\nKontakt z morebitnimi drugimi \u0161portnimi udele\u017eenci: zaradi hladnej\u0161ega jutra ob zgodnji uri ni bilo ne udele\u017eencev, ne kontaktov.<br \/>\nUra prihoda pred doma\u010da vrata: 10.30.<br \/>\n\u0160portne dejavnosti po pohodu: badminton, kolesarski poligon, no pa tudi malo risanja na sve\u017eem zraku.<br \/>\nMalica: brezpla\u010dna, poskrbljeno zanjo ob vrnitvi na izhodi\u0161\u010de.<br \/>\nUdele\u017eenci: \u0161tirje Tu\u0161ki + Pika pes<br \/>\nFotografije: Jerca Tu\u0161ek<\/p>\n<p>&nbsp;<\/p>\n<p><a href=\"http:\/\/sola-poljane.splet.arnes.si\/files\/2020\/04\/20200403_063816-e1585899439352.jpg\"><img loading=\"lazy\" decoding=\"async\" class=\"alignnone size-medium wp-image-17181 aligncenter\" src=\"http:\/\/sola-poljane.splet.arnes.si\/files\/2020\/04\/20200403_063816-300x300.jpg\" alt=\"\" width=\"300\" height=\"300\" \/><\/a><\/p>\n<p>&nbsp;<\/p>\n<p>Otroci so bili zeeeeelo veseli napovedi, da bo v \u010detrtek\u00a0\u0161portni dan:-). In res\u00a0bi bilo \u0161koda, \u010de si ne bi ob tako lepem spomladanskem vremenu vzeli \u010das in skupaj u\u017eivali. Da smo tudi mi, star\u0161i usmerili misli drugam, stran od slu\u017ebe, stran od tega, kar nam prina\u0161ajo vsakodnevne novice &#8230;<br \/>\nOdlo\u010dili smo se, da tokrat gremo na drugo stran hriba od na\u0161ega doma.\u00a0 Na\u0161 cilj\u00a0bo vrh Malenskega vrha\u00a0\u2013 Gora.<br \/>\nOkoli 10. ure, ko se je zunaj \u017ee malo ogrelo, smo krenili\u00a0od doma po najbli\u017eji kolovozni poti proti Javorjam.\u00a0Nismo prav ni\u010d hiteli,\u00a0vmes\u00a0smo imeli kak\u0161en\u00a0kraj\u0161i po\u010ditek,\u00a0opazovali smo mravlji\u0161\u010da, rastline.\u00a0\u0160li smo tudi mimo &#8220;ta debele smreke&#8221;, ki je prav ob tej stezi, ki poteka iz vasi Dolen\u010dice na Goro.\u00a0Po uri in pol\u00a0hoje smo prispeli na cilj. Malo stran od cerkve smo raztegnili podlogo in imeli zaslu\u017eeno malico.<br \/>\n&#8230; potem, ko\u00a0sta Jakob in\u00a0Leja dobila novo porcijo energije, sta se poizkusila, kdo spleza na ve\u010d dreves:)<br \/>\nZa nazaj smo ubrali drugo pot, in sicer to, ki gre proti \u017detini in se nato odcepi za Javorje. Potem smo v Javorjah zavili proti Gabr\u0161ki gori in nazaj do doma, kjer smo sklenili krog &#8220;na\u0161ega&#8221; \u0161portnega dne.<\/p>\n<p><em><strong>Dru\u017eina Dolenc<\/strong><\/em><\/p>\n<p>Odpravila sva se od doma na vrh Starega vrha. Pohod je trajal 3,5 ure v dol\u017eini 12 kilometrov in 680 vi\u0161inskih metrov \u2013 delno po trasi Poljanskega pohodni\u0161kega kroga, delno po Lovski poti na Stari vrh. Z vami deliva nekaj najinih utrinkov.<\/p>\n<p><em><strong>Uro\u0161 in Tinkara Cankar<\/strong><\/em><\/p>\n<p>V\u010deraj smo se imeli zelo lepo. Naredili smo dolg pohod. Zelo mi je bilo v\u0161e\u010d, ker sem videl Triglav in Blego\u0161. Na poti smo se kepali.<\/p>\n<p><em><strong>Andra\u017e<\/strong><\/em><\/p>\n<p>Z mami sva se zjutraj odpravili\u00a0 proti Bukovem vrhu. Najprej sva \u0161li po poti proti Visokem in se vzpeli\u00a0do zastave. Od zastave sva nadaljevali pot naprej proti Bukovemu vrhu. Vmes sva \u0161e malicali na Ahtarenkovem gri\u010du pri\u00a0kri\u017eu. Opazovali sva naravo. Igrala sem ste tudi s snegom. Ustvarjala sem iz naravnih materialov\u00a0(stor\u017ei, listi). Vreme je bilo res lepo in videlo\u00a0se je dale\u010d naokrog. Za nazaj sva izbrali drugo pot. Po tako imenovani Koro\u0161ki poti sva se vrnili domov. Bilo je res lepo.<\/p>\n<p><em><strong>Nadja<\/strong><\/em><\/p>\n<p><a href=\"http:\/\/sola-poljane.splet.arnes.si\/files\/2020\/04\/Zala-e1585938843676.jpg\"><img loading=\"lazy\" decoding=\"async\" class=\"alignnone size-medium wp-image-17213 aligncenter\" src=\"http:\/\/sola-poljane.splet.arnes.si\/files\/2020\/04\/Zala-225x300.jpg\" alt=\"\" width=\"225\" height=\"300\" \/><\/a><\/p>\n<p>&nbsp;<\/p>\nngg_shortcode_4_placeholder\n<p>&nbsp;<\/p>\n<p><span style=\"color: #0000ff\"><strong>To je bil res \u0161portni dan, druga\u010den od vseh, ki smo jih do\u017eiveli do zdaj. Tu je \u0161e ena zanimiva predstavitev.<\/strong><\/span><\/p>\n<p><span style=\"color: #ff6600\"><a style=\"color: #ff6600\" href=\"http:\/\/sola-poljane.splet.arnes.si\/files\/2020\/04\/Malo-druga\u010den-\u0161portni-dan.ppsx\">Malo druga\u010den \u0161portni dan<\/a><\/span><\/p>\n<p>&nbsp;<\/p>\nngg_shortcode_5_placeholder\n","protected":false},"excerpt":{"rendered":"<p>Dru\u017eine na \u0161portnem dnevu &#8230; Spo\u0161tovana gospa ravnateljica in ostali [&hellip;]<\/p>\n","protected":false},"author":56163,"featured_media":17077,"comment_status":"closed","ping_status":"open","sticky":false,"template":"","format":"standard","meta":{"ngg_post_thumbnail":0,"footnotes":""},"categories":[7,29,15,55],"tags":[],"class_list":["post-17067","post","type-post","status-publish","format-standard","has-post-thumbnail","hentry","category-dnevi-dejavnosti","category-dnevi-dejavnosti-3-triada","category-dnevi-dejavnosti-2-triada","category-dogajanje"],"_links":{"self":[{"href":"https:\/\/sola-poljane.splet.arnes.si\/index.php?rest_route=\/wp\/v2\/posts\/17067","targetHints":{"allow":["GET"]}}],"collection":[{"href":"https:\/\/sola-poljane.splet.arnes.si\/index.php?rest_route=\/wp\/v2\/posts"}],"about":[{"href":"https:\/\/sola-poljane.splet.arnes.si\/index.php?rest_route=\/wp\/v2\/types\/post"}],"author":[{"embeddable":true,"href":"https:\/\/sola-poljane.splet.arnes.si\/index.php?rest_route=\/wp\/v2\/users\/56163"}],"replies":[{"embeddable":true,"href":"https:\/\/sola-poljane.splet.arnes.si\/index.php?rest_route=%2Fwp%2Fv2%2Fcomments&post=17067"}],"version-history":[{"count":19,"href":"https:\/\/sola-poljane.splet.arnes.si\/index.php?rest_route=\/wp\/v2\/posts\/17067\/revisions"}],"predecessor-version":[{"id":17221,"href":"https:\/\/sola-poljane.splet.arnes.si\/index.php?rest_route=\/wp\/v2\/posts\/17067\/revisions\/17221"}],"wp:featuredmedia":[{"embeddable":true,"href":"https:\/\/sola-poljane.splet.arnes.si\/index.php?rest_route=\/wp\/v2\/media\/17077"}],"wp:attachment":[{"href":"https:\/\/sola-poljane.splet.arnes.si\/index.php?rest_route=%2Fwp%2Fv2%2Fmedia&parent=17067"}],"wp:term":[{"taxonomy":"category","embeddable":true,"href":"https:\/\/sola-poljane.splet.arnes.si\/index.php?rest_route=%2Fwp%2Fv2%2Fcategories&post=17067"},{"taxonomy":"post_tag","embeddable":true,"href":"https:\/\/sola-poljane.splet.arnes.si\/index.php?rest_route=%2Fwp%2Fv2%2Ftags&post=17067"}],"curies":[{"name":"wp","href":"https:\/\/api.w.org\/{rel}","templated":true}]}}