{"id":16089,"date":"2020-02-07T20:25:23","date_gmt":"2020-02-07T19:25:23","guid":{"rendered":"http:\/\/sola-poljane.splet.arnes.si\/?p=16089"},"modified":"2020-09-07T13:41:27","modified_gmt":"2020-09-07T11:41:27","slug":"zanimiva-televizijska-izkusnja","status":"publish","type":"post","link":"https:\/\/sola-poljane.splet.arnes.si\/?p=16089","title":{"rendered":"Zanimiva televizijska izku\u0161nja"},"content":{"rendered":"<p>Odlomka iz dveh nagrajenih pesmi:<\/p>\n<p style=\"text-align: center\"><em>&#8221;Izidor, sin moj, poslu\u0161aj me zdaj,<\/em><br \/>\n<em>po Agato pojdi, pripelji jo v raj.&#8221;<\/em><br \/>\n<em>Ko Agata pride, se vse uredi,<\/em><br \/>\n<em>\u017eivljenje obeta le sre\u010dne jim dni.\u00a0<\/em><\/p>\n<p style=\"text-align: center\"><em><strong>Lara, Suzana, Ana<\/strong><\/em><\/p>\n<p style=\"text-align: center\"><span style=\"color: #0000ff\"><strong>************<\/strong><\/span><\/p>\n<p style=\"text-align: center\"><em>Po\u010dasi umirali so vsi,<\/em><br \/>\n<em>ki s Polikarpom v sorodu so bili.<\/em><br \/>\n<em>&#8220;Pridem pote,&#8221; jim glas govori,<\/em><br \/>\n<em>eden za drugim so od\u0161li.<\/em><\/p>\n<p style=\"text-align: center\"><em><strong>Ana, Lara, Anja<\/strong><\/em><\/p>\n<p style=\"text-align: center\"><span style=\"color: #0000ff\"><strong>*************<\/strong><\/span><\/p>\n<p>&nbsp;<\/p>\n<p>V \u010detrtek, 6. februarja, smo se u\u010denke, ki smo prejele nagrado za literarno ustvarjanje \u00a0<strong><span style=\"color: #ff6600\">na nate\u010daju Kulturnega dru\u0161tva Ivan Tav\u010dar z naslovom 100 let Viso\u0161ke kronike<\/span><\/strong>, dopoldne odpravile v \u0160ubi\u010devo hi\u0161o na snemanje prispevka za <strong><span style=\"color: #ff6600\">Planet TV<\/span><\/strong>. Sprva smo bile malce \u017eiv\u010dne, ker nismo vedele, kaj naj pri\u010dakujemo, nato pa nas je prijazna novinarka Suzana pomirila in namenila nekaj spodbudnih besed.<br \/>\nPrav vse lahko re\u010demo, da je bilo snemanje zanimiva izku\u0161nja za vsako izmed nas, saj nobena \u0161e ni do\u017eivela \u010desa podobnega. \u00a0Za eno uro smo postale prave televizijske zvezde \u2026<\/p>\n<p>Prispevek si lahko ogledate <strong><span style=\"color: #0000ff\">v petek, 14. februarja 2020<\/span><\/strong>, ob 18.00 na Planet TV v oddaji <strong><span style=\"color: #0000ff\">Planet na obisku<\/span><\/strong>.<\/p>\n<p>&nbsp;<\/p>\n<p><em><strong>Anja Luznar, Ana Marolt, Lara Oblak, Suzana Debeljak, Ana Kos, Lara Mo\u017eina<\/strong><\/em><\/p>\n<p>&nbsp;<\/p>\n<p>&nbsp;<\/p>\n<p><a href=\"http:\/\/sola-poljane.splet.arnes.si\/files\/2020\/02\/20200207_190942.png\"><img loading=\"lazy\" decoding=\"async\" class=\"alignnone size-full wp-image-16113 aligncenter\" src=\"http:\/\/sola-poljane.splet.arnes.si\/files\/2020\/02\/20200207_190942.png\" alt=\"\" width=\"720\" height=\"535\" srcset=\"https:\/\/sola-poljane.splet.arnes.si\/files\/2020\/02\/20200207_190942.png 720w, https:\/\/sola-poljane.splet.arnes.si\/files\/2020\/02\/20200207_190942-300x223.png 300w, https:\/\/sola-poljane.splet.arnes.si\/files\/2020\/02\/20200207_190942-74x55.png 74w, https:\/\/sola-poljane.splet.arnes.si\/files\/2020\/02\/20200207_190942-624x464.png 624w\" sizes=\"auto, (max-width: 720px) 100vw, 720px\" \/><\/a><\/p>\n<p>&nbsp;<\/p>\n<p>Posnetek oddaje na Planet TV:<br \/>\n\n<!-- iframe plugin v.5.2 wordpress.org\/plugins\/iframe\/ -->\n<iframe loading=\"lazy\" width=\"720\" src=\"https:\/\/video.arnes.si\/portal\/api\/asset\/embed\/IdOYfTJVSidYm2A6hFw7EA5m\" frameborder=\"0\" webkitallowfullscreen mozallowfullscreen allowfullscreen height=\"500\" scrolling=\"yes\" class=\"iframe-class\" name=\"ARNES\"><\/iframe>\n<\/p>\n","protected":false},"excerpt":{"rendered":"<p>Odlomka iz dveh nagrajenih pesmi: &#8221;Izidor, sin moj, poslu\u0161aj me [&hellip;]<\/p>\n","protected":false},"author":56163,"featured_media":16115,"comment_status":"closed","ping_status":"open","sticky":false,"template":"","format":"standard","meta":{"ngg_post_thumbnail":0,"footnotes":""},"categories":[55,37],"tags":[],"class_list":["post-16089","post","type-post","status-publish","format-standard","has-post-thumbnail","hentry","category-dogajanje","category-natecaji"],"_links":{"self":[{"href":"https:\/\/sola-poljane.splet.arnes.si\/index.php?rest_route=\/wp\/v2\/posts\/16089","targetHints":{"allow":["GET"]}}],"collection":[{"href":"https:\/\/sola-poljane.splet.arnes.si\/index.php?rest_route=\/wp\/v2\/posts"}],"about":[{"href":"https:\/\/sola-poljane.splet.arnes.si\/index.php?rest_route=\/wp\/v2\/types\/post"}],"author":[{"embeddable":true,"href":"https:\/\/sola-poljane.splet.arnes.si\/index.php?rest_route=\/wp\/v2\/users\/56163"}],"replies":[{"embeddable":true,"href":"https:\/\/sola-poljane.splet.arnes.si\/index.php?rest_route=%2Fwp%2Fv2%2Fcomments&post=16089"}],"version-history":[{"count":13,"href":"https:\/\/sola-poljane.splet.arnes.si\/index.php?rest_route=\/wp\/v2\/posts\/16089\/revisions"}],"predecessor-version":[{"id":16171,"href":"https:\/\/sola-poljane.splet.arnes.si\/index.php?rest_route=\/wp\/v2\/posts\/16089\/revisions\/16171"}],"wp:featuredmedia":[{"embeddable":true,"href":"https:\/\/sola-poljane.splet.arnes.si\/index.php?rest_route=\/wp\/v2\/media\/16115"}],"wp:attachment":[{"href":"https:\/\/sola-poljane.splet.arnes.si\/index.php?rest_route=%2Fwp%2Fv2%2Fmedia&parent=16089"}],"wp:term":[{"taxonomy":"category","embeddable":true,"href":"https:\/\/sola-poljane.splet.arnes.si\/index.php?rest_route=%2Fwp%2Fv2%2Fcategories&post=16089"},{"taxonomy":"post_tag","embeddable":true,"href":"https:\/\/sola-poljane.splet.arnes.si\/index.php?rest_route=%2Fwp%2Fv2%2Ftags&post=16089"}],"curies":[{"name":"wp","href":"https:\/\/api.w.org\/{rel}","templated":true}]}}