{"id":15925,"date":"2020-01-23T23:17:02","date_gmt":"2020-01-23T22:17:02","guid":{"rendered":"http:\/\/sola-poljane.splet.arnes.si\/?p=15925"},"modified":"2020-09-07T13:41:27","modified_gmt":"2020-09-07T11:41:27","slug":"v-katero-solo-gres","status":"publish","type":"post","link":"https:\/\/sola-poljane.splet.arnes.si\/?p=15925","title":{"rendered":"Na katero \u0161olo gre\u0161?"},"content":{"rendered":"<p>Torkovo popoldne je bilo zanimivo in zelo koristno za deveto\u0161olce, saj je na \u0161oli potekala <span style=\"color: #ff6600\"><strong>predstavitev srednjih \u0161ol<\/strong><\/span>, vabljeni pa so bili tudi osmo\u0161olci.<br \/>\nKer se poklicna odlo\u010ditev naglo bli\u017ea, so si pred \u0161olo s posebnim zanimanjem ogledovali tudi pripadnike Slovenske vojske, njihovo opremo, oro\u017eje in vozila.<\/p>\n<p>Predstavitve srednjih \u0161ol sta spremljali tudi<span style=\"color: #3366ff\"><strong> Iris in \u0160pela<\/strong> <\/span>iz 7. b in povedali:<br \/>\n\u00bbSvoj program so predstavili profesorji razli\u010dnih \u0161ol iz \u0160kofje Loke, Kranja, Naklega, Radovljice in Ljubljane. Ve\u010dina u\u010dencev je na\u0161la koristne informacije, \u0161e ve\u010d pa jih bodo dobili na februarskih informativnih dnevih.<br \/>\nNekateri \u017ee vedo, kje bodo nadaljevali \u0161olanje, mnogo pa je takih, ki \u0161e niso odlo\u010deni. Deveto\u0161olka <strong><span style=\"color: #3366ff\">Eva<\/span> <\/strong>nama je povedala, da bo srednjo \u0161olo izbrala tako, da bo sledila svojim ob\u010dutkom. Na BIC Ljubljana bi od\u0161la zaradi \u017eivali, a jo je navdu\u0161enje minilo, ker misli, da je tam premalo dru\u017eboslovnih predmetov.\u00ab<\/p>\nngg_shortcode_0_placeholder\n","protected":false},"excerpt":{"rendered":"<p>Torkovo popoldne je bilo zanimivo in zelo koristno za deveto\u0161olce, [&hellip;]<\/p>\n","protected":false},"author":56163,"featured_media":15929,"comment_status":"closed","ping_status":"open","sticky":false,"template":"","format":"standard","meta":{"ngg_post_thumbnail":0,"footnotes":""},"categories":[15,55],"tags":[],"class_list":["post-15925","post","type-post","status-publish","format-standard","has-post-thumbnail","hentry","category-dnevi-dejavnosti-2-triada","category-dogajanje"],"_links":{"self":[{"href":"https:\/\/sola-poljane.splet.arnes.si\/index.php?rest_route=\/wp\/v2\/posts\/15925","targetHints":{"allow":["GET"]}}],"collection":[{"href":"https:\/\/sola-poljane.splet.arnes.si\/index.php?rest_route=\/wp\/v2\/posts"}],"about":[{"href":"https:\/\/sola-poljane.splet.arnes.si\/index.php?rest_route=\/wp\/v2\/types\/post"}],"author":[{"embeddable":true,"href":"https:\/\/sola-poljane.splet.arnes.si\/index.php?rest_route=\/wp\/v2\/users\/56163"}],"replies":[{"embeddable":true,"href":"https:\/\/sola-poljane.splet.arnes.si\/index.php?rest_route=%2Fwp%2Fv2%2Fcomments&post=15925"}],"version-history":[{"count":3,"href":"https:\/\/sola-poljane.splet.arnes.si\/index.php?rest_route=\/wp\/v2\/posts\/15925\/revisions"}],"predecessor-version":[{"id":15933,"href":"https:\/\/sola-poljane.splet.arnes.si\/index.php?rest_route=\/wp\/v2\/posts\/15925\/revisions\/15933"}],"wp:featuredmedia":[{"embeddable":true,"href":"https:\/\/sola-poljane.splet.arnes.si\/index.php?rest_route=\/wp\/v2\/media\/15929"}],"wp:attachment":[{"href":"https:\/\/sola-poljane.splet.arnes.si\/index.php?rest_route=%2Fwp%2Fv2%2Fmedia&parent=15925"}],"wp:term":[{"taxonomy":"category","embeddable":true,"href":"https:\/\/sola-poljane.splet.arnes.si\/index.php?rest_route=%2Fwp%2Fv2%2Fcategories&post=15925"},{"taxonomy":"post_tag","embeddable":true,"href":"https:\/\/sola-poljane.splet.arnes.si\/index.php?rest_route=%2Fwp%2Fv2%2Ftags&post=15925"}],"curies":[{"name":"wp","href":"https:\/\/api.w.org\/{rel}","templated":true}]}}