{"id":15599,"date":"2019-12-12T21:30:14","date_gmt":"2019-12-12T20:30:14","guid":{"rendered":"http:\/\/sola-poljane.splet.arnes.si\/?p=15599"},"modified":"2020-09-07T13:41:41","modified_gmt":"2020-09-07T11:41:41","slug":"podrocno-tekmovanje-v-kosarki-za-starejse-decke","status":"publish","type":"post","link":"https:\/\/sola-poljane.splet.arnes.si\/?p=15599","title":{"rendered":"Podro\u010dno tekmovanje v ko\u0161arki za starej\u0161e de\u010dke"},"content":{"rendered":"<p>12. decembra smo v \u0160portni dvori Planina v Kranju spremljali napete borbe. Na prvi tekmi nam je nasproti stala mo\u010dna ekipa <span style=\"color: #0000ff\"><strong>O\u0160 Simona Jenka<\/strong><\/span>, ki je v lanskem letu osvojila 2. mesto v dr\u017eavi. Po velikem zaostanku smo v tretji tretjini nadoknadili kar nekaj to\u010dk, ampak vseeno klonili za deset. Med po\u010ditkom smo spremljali tekmo med <strong><span style=\"color: #0000ff\">O\u0160 Simona Jenka<\/span><\/strong> in <strong><span style=\"color: #0000ff\">O\u0160 Koro\u0161ka Bela<\/span><\/strong>, na kateri so slavili slednji. Za napredovanje smo potrebovali visoko zmago. Priigrali smo si \u017ee visoko prednost devetih to\u010dk, ki pa je do konca skopnela na dve to\u010dki. Zaradi slab\u0161ega razmerja to\u010dk smo osvojili 3. mesto v skupini.<\/p>\n<p><span style=\"color: #0000ff\">Za dobro igro \u010destitamo vsem tekmovalcem!!!<\/span><\/p>\n<p><strong>Uro\u0161 \u010cade\u017e<\/strong><\/p>\n<p>&nbsp;<\/p>\n<p style=\"text-align: center\"><a href=\"http:\/\/sola-poljane.splet.arnes.si\/files\/2019\/12\/IMG_20191212_131622-1.jpg\"><img loading=\"lazy\" decoding=\"async\" class=\"alignnone size-large wp-image-15605\" src=\"http:\/\/sola-poljane.splet.arnes.si\/files\/2019\/12\/IMG_20191212_131622-1-1024x768.jpg\" alt=\"\" width=\"887\" height=\"665\" srcset=\"https:\/\/sola-poljane.splet.arnes.si\/files\/2019\/12\/IMG_20191212_131622-1-1024x768.jpg 1024w, https:\/\/sola-poljane.splet.arnes.si\/files\/2019\/12\/IMG_20191212_131622-1-300x225.jpg 300w, https:\/\/sola-poljane.splet.arnes.si\/files\/2019\/12\/IMG_20191212_131622-1-768x576.jpg 768w, https:\/\/sola-poljane.splet.arnes.si\/files\/2019\/12\/IMG_20191212_131622-1-73x55.jpg 73w, https:\/\/sola-poljane.splet.arnes.si\/files\/2019\/12\/IMG_20191212_131622-1-947x710.jpg 947w, https:\/\/sola-poljane.splet.arnes.si\/files\/2019\/12\/IMG_20191212_131622-1-624x468.jpg 624w\" sizes=\"auto, (max-width: 887px) 100vw, 887px\" \/><\/a><\/p>\n","protected":false},"excerpt":{"rendered":"<p>12. decembra smo v \u0160portni dvori Planina v Kranju spremljali [&hellip;]<\/p>\n","protected":false},"author":56163,"featured_media":15601,"comment_status":"closed","ping_status":"open","sticky":false,"template":"","format":"standard","meta":{"ngg_post_thumbnail":0,"footnotes":""},"categories":[55,59],"tags":[],"class_list":["post-15599","post","type-post","status-publish","format-standard","has-post-thumbnail","hentry","category-dogajanje","category-sportna-tekmovanja"],"_links":{"self":[{"href":"https:\/\/sola-poljane.splet.arnes.si\/index.php?rest_route=\/wp\/v2\/posts\/15599","targetHints":{"allow":["GET"]}}],"collection":[{"href":"https:\/\/sola-poljane.splet.arnes.si\/index.php?rest_route=\/wp\/v2\/posts"}],"about":[{"href":"https:\/\/sola-poljane.splet.arnes.si\/index.php?rest_route=\/wp\/v2\/types\/post"}],"author":[{"embeddable":true,"href":"https:\/\/sola-poljane.splet.arnes.si\/index.php?rest_route=\/wp\/v2\/users\/56163"}],"replies":[{"embeddable":true,"href":"https:\/\/sola-poljane.splet.arnes.si\/index.php?rest_route=%2Fwp%2Fv2%2Fcomments&post=15599"}],"version-history":[{"count":4,"href":"https:\/\/sola-poljane.splet.arnes.si\/index.php?rest_route=\/wp\/v2\/posts\/15599\/revisions"}],"predecessor-version":[{"id":15611,"href":"https:\/\/sola-poljane.splet.arnes.si\/index.php?rest_route=\/wp\/v2\/posts\/15599\/revisions\/15611"}],"wp:featuredmedia":[{"embeddable":true,"href":"https:\/\/sola-poljane.splet.arnes.si\/index.php?rest_route=\/wp\/v2\/media\/15601"}],"wp:attachment":[{"href":"https:\/\/sola-poljane.splet.arnes.si\/index.php?rest_route=%2Fwp%2Fv2%2Fmedia&parent=15599"}],"wp:term":[{"taxonomy":"category","embeddable":true,"href":"https:\/\/sola-poljane.splet.arnes.si\/index.php?rest_route=%2Fwp%2Fv2%2Fcategories&post=15599"},{"taxonomy":"post_tag","embeddable":true,"href":"https:\/\/sola-poljane.splet.arnes.si\/index.php?rest_route=%2Fwp%2Fv2%2Ftags&post=15599"}],"curies":[{"name":"wp","href":"https:\/\/api.w.org\/{rel}","templated":true}]}}