{"id":15543,"date":"2019-12-09T17:52:05","date_gmt":"2019-12-09T16:52:05","guid":{"rendered":"http:\/\/sola-poljane.splet.arnes.si\/?p=15543"},"modified":"2020-09-07T13:41:41","modified_gmt":"2020-09-07T11:41:41","slug":"na-javorc","status":"publish","type":"post","link":"https:\/\/sola-poljane.splet.arnes.si\/?p=15543","title":{"rendered":"Na Javor\u010d"},"content":{"rendered":"<p>Megla, malo napora, dru\u017eba, sonce in prekrasen razgled z vrha\u00a0\u2013 vse to je sedmo\u0161olcem ponudil <span style=\"color: #008000\"><strong>Javor\u010d<\/strong><\/span>.<\/p>\n<p style=\"text-align: center\"><strong><span style=\"color: #008000\">********************************************<\/span><\/strong><\/p>\n<p>V \u010detrtek, 5. decembra, smo izvedli \u0161portni dan za 7. razred, in sicer jesenski pohod. Trasa pohoda je bila iz \u017dirov preko Javor\u010da, ki je bil na\u0161a najvi\u0161ja to\u010dka. Po malici smo se z Javor\u010da spustili na Dobravo in za Soro do Poljan. Sprva je bilo vreme dokaj neprijazno, mrzlo in megleno. Na povratku pa se je megla razkadila in pojavili so se prvi son\u010dni \u017earki, ki so nas pogreli. Prav tako se je odprl lep pogled proti Blego\u0161u in zasne\u017eenim Julijcem v daljavi. Pre\u010denje je bilo kar dolgo, a nam ga je uspelo izpeljati v predvidenem \u010dasu.<\/p>\n<p><strong>Ale\u0161 Mrak\u00a0<\/strong><\/p>\n<p>&nbsp;<\/p>\nngg_shortcode_0_placeholder\n","protected":false},"excerpt":{"rendered":"<p>Megla, malo napora, dru\u017eba, sonce in prekrasen razgled z vrha\u00a0\u2013 [&hellip;]<\/p>\n","protected":false},"author":56163,"featured_media":15557,"comment_status":"closed","ping_status":"open","sticky":false,"template":"","format":"standard","meta":{"ngg_post_thumbnail":0,"footnotes":""},"categories":[15,55],"tags":[],"class_list":["post-15543","post","type-post","status-publish","format-standard","has-post-thumbnail","hentry","category-dnevi-dejavnosti-2-triada","category-dogajanje"],"_links":{"self":[{"href":"https:\/\/sola-poljane.splet.arnes.si\/index.php?rest_route=\/wp\/v2\/posts\/15543","targetHints":{"allow":["GET"]}}],"collection":[{"href":"https:\/\/sola-poljane.splet.arnes.si\/index.php?rest_route=\/wp\/v2\/posts"}],"about":[{"href":"https:\/\/sola-poljane.splet.arnes.si\/index.php?rest_route=\/wp\/v2\/types\/post"}],"author":[{"embeddable":true,"href":"https:\/\/sola-poljane.splet.arnes.si\/index.php?rest_route=\/wp\/v2\/users\/56163"}],"replies":[{"embeddable":true,"href":"https:\/\/sola-poljane.splet.arnes.si\/index.php?rest_route=%2Fwp%2Fv2%2Fcomments&post=15543"}],"version-history":[{"count":3,"href":"https:\/\/sola-poljane.splet.arnes.si\/index.php?rest_route=\/wp\/v2\/posts\/15543\/revisions"}],"predecessor-version":[{"id":15575,"href":"https:\/\/sola-poljane.splet.arnes.si\/index.php?rest_route=\/wp\/v2\/posts\/15543\/revisions\/15575"}],"wp:featuredmedia":[{"embeddable":true,"href":"https:\/\/sola-poljane.splet.arnes.si\/index.php?rest_route=\/wp\/v2\/media\/15557"}],"wp:attachment":[{"href":"https:\/\/sola-poljane.splet.arnes.si\/index.php?rest_route=%2Fwp%2Fv2%2Fmedia&parent=15543"}],"wp:term":[{"taxonomy":"category","embeddable":true,"href":"https:\/\/sola-poljane.splet.arnes.si\/index.php?rest_route=%2Fwp%2Fv2%2Fcategories&post=15543"},{"taxonomy":"post_tag","embeddable":true,"href":"https:\/\/sola-poljane.splet.arnes.si\/index.php?rest_route=%2Fwp%2Fv2%2Ftags&post=15543"}],"curies":[{"name":"wp","href":"https:\/\/api.w.org\/{rel}","templated":true}]}}