{"id":15511,"date":"2019-12-05T19:30:55","date_gmt":"2019-12-05T18:30:55","guid":{"rendered":"http:\/\/sola-poljane.splet.arnes.si\/?p=15511"},"modified":"2020-09-07T13:41:41","modified_gmt":"2020-09-07T11:41:41","slug":"nagrajena-drugosolka","status":"publish","type":"post","link":"https:\/\/sola-poljane.splet.arnes.si\/?p=15511","title":{"rendered":"Nagrajena drugo\u0161olka"},"content":{"rendered":"<p>Med nagrajenimi u\u010denkami na likovno-literarnem nate\u010daju <strong><span style=\"color: #3366ff\">&#8220;100 let Viso\u0161ke kronike \u2013 Vest na preizku\u0161nji&#8221;<\/span><\/strong> je bila tudi <strong><span style=\"color: #3366ff\">drugo\u0161olka Sara Oblak<\/span><\/strong>. Tako kot njeni so\u0161olci in so\u0161olke se je preizkusila v risanju in slikanju po opazovanju. Pred seboj je imela fotografijo naslovnice knjige Viso\u0161ka kronika, izdane v zbirki Kondor. S tu\u0161em je najprej narisala <span style=\"color: #008000\">motiv &#8220;Agata na pujsu&#8221;<\/span>, nato pa prav tako s tu\u0161em pobarvala \u0161e ozadje. \u017de novice, da je njen likovni izdelek nagrajen, je bila zelo vesela; nagrade \u2013 slikarskega stojala, ki so ga za likovno podro\u010dje dobile vse nagrajenke, pa tudi. \u010cestitamo. Podelitev nagrad je potekala v \u0160ubi\u010devi hi\u0161i v Poljanah.<\/p>\n<p><em><strong><span style=\"color: #000000\">Irma \u010cade\u017e<\/span><\/strong><\/em><\/p>\n<p>&nbsp;<\/p>\nngg_shortcode_0_placeholder\n","protected":false},"excerpt":{"rendered":"<p>Med nagrajenimi u\u010denkami na likovno-literarnem nate\u010daju &#8220;100 let Viso\u0161ke kronike [&hellip;]<\/p>\n","protected":false},"author":56163,"featured_media":15517,"comment_status":"closed","ping_status":"open","sticky":false,"template":"","format":"standard","meta":{"ngg_post_thumbnail":0,"footnotes":""},"categories":[35,55,37],"tags":[],"class_list":["post-15511","post","type-post","status-publish","format-standard","has-post-thumbnail","hentry","category-2-triletje","category-dogajanje","category-natecaji"],"_links":{"self":[{"href":"https:\/\/sola-poljane.splet.arnes.si\/index.php?rest_route=\/wp\/v2\/posts\/15511","targetHints":{"allow":["GET"]}}],"collection":[{"href":"https:\/\/sola-poljane.splet.arnes.si\/index.php?rest_route=\/wp\/v2\/posts"}],"about":[{"href":"https:\/\/sola-poljane.splet.arnes.si\/index.php?rest_route=\/wp\/v2\/types\/post"}],"author":[{"embeddable":true,"href":"https:\/\/sola-poljane.splet.arnes.si\/index.php?rest_route=\/wp\/v2\/users\/56163"}],"replies":[{"embeddable":true,"href":"https:\/\/sola-poljane.splet.arnes.si\/index.php?rest_route=%2Fwp%2Fv2%2Fcomments&post=15511"}],"version-history":[{"count":5,"href":"https:\/\/sola-poljane.splet.arnes.si\/index.php?rest_route=\/wp\/v2\/posts\/15511\/revisions"}],"predecessor-version":[{"id":15527,"href":"https:\/\/sola-poljane.splet.arnes.si\/index.php?rest_route=\/wp\/v2\/posts\/15511\/revisions\/15527"}],"wp:featuredmedia":[{"embeddable":true,"href":"https:\/\/sola-poljane.splet.arnes.si\/index.php?rest_route=\/wp\/v2\/media\/15517"}],"wp:attachment":[{"href":"https:\/\/sola-poljane.splet.arnes.si\/index.php?rest_route=%2Fwp%2Fv2%2Fmedia&parent=15511"}],"wp:term":[{"taxonomy":"category","embeddable":true,"href":"https:\/\/sola-poljane.splet.arnes.si\/index.php?rest_route=%2Fwp%2Fv2%2Fcategories&post=15511"},{"taxonomy":"post_tag","embeddable":true,"href":"https:\/\/sola-poljane.splet.arnes.si\/index.php?rest_route=%2Fwp%2Fv2%2Ftags&post=15511"}],"curies":[{"name":"wp","href":"https:\/\/api.w.org\/{rel}","templated":true}]}}