{"id":15503,"date":"2019-12-05T19:15:34","date_gmt":"2019-12-05T18:15:34","guid":{"rendered":"http:\/\/sola-poljane.splet.arnes.si\/?p=15503"},"modified":"2020-09-07T13:41:41","modified_gmt":"2020-09-07T11:41:41","slug":"tudi-v-2-a-so-sivali","status":"publish","type":"post","link":"https:\/\/sola-poljane.splet.arnes.si\/?p=15503","title":{"rendered":"Tudi v 2. a so \u0161ivali"},"content":{"rendered":"<p><strong>Kaj so ob koncu povedali u\u010denci?<\/strong><\/p>\n<p>Imeli smo <strong><span style=\"color: #0000ff\">tehni\u0161ki dan \u2013 \u0161ivanje<\/span><\/strong>. Najprej smo si ogledali zgodbico Jakec \u0161iva. Nato <span style=\"color: #0000ff\">smo se u\u010dili \u0161ivati gumbe.<\/span> Iz posameznih delov, izrezanih iz filca, je nastala sova. Delo je bilo zelo zahtevno in te\u017eko, pa tudi zabavno. Med seboj smo si pomagali. \u00a0Izdelanih sovic smo bili zelo veseli. Obesili smo jih na tablo. Na koncu smo se z njimi tudi fotografirali.<\/p>\n<p><em><strong>U\u010diteljica Irma \u010cade\u017e<\/strong><\/em><\/p>\n<p>&nbsp;<\/p>\nngg_shortcode_0_placeholder\n","protected":false},"excerpt":{"rendered":"<p>Kaj so ob koncu povedali u\u010denci? Imeli smo tehni\u0161ki dan [&hellip;]<\/p>\n","protected":false},"author":56163,"featured_media":15507,"comment_status":"closed","ping_status":"open","sticky":false,"template":"","format":"standard","meta":{"ngg_post_thumbnail":0,"footnotes":""},"categories":[7,55],"tags":[],"class_list":["post-15503","post","type-post","status-publish","format-standard","has-post-thumbnail","hentry","category-dnevi-dejavnosti","category-dogajanje"],"_links":{"self":[{"href":"https:\/\/sola-poljane.splet.arnes.si\/index.php?rest_route=\/wp\/v2\/posts\/15503","targetHints":{"allow":["GET"]}}],"collection":[{"href":"https:\/\/sola-poljane.splet.arnes.si\/index.php?rest_route=\/wp\/v2\/posts"}],"about":[{"href":"https:\/\/sola-poljane.splet.arnes.si\/index.php?rest_route=\/wp\/v2\/types\/post"}],"author":[{"embeddable":true,"href":"https:\/\/sola-poljane.splet.arnes.si\/index.php?rest_route=\/wp\/v2\/users\/56163"}],"replies":[{"embeddable":true,"href":"https:\/\/sola-poljane.splet.arnes.si\/index.php?rest_route=%2Fwp%2Fv2%2Fcomments&post=15503"}],"version-history":[{"count":2,"href":"https:\/\/sola-poljane.splet.arnes.si\/index.php?rest_route=\/wp\/v2\/posts\/15503\/revisions"}],"predecessor-version":[{"id":15509,"href":"https:\/\/sola-poljane.splet.arnes.si\/index.php?rest_route=\/wp\/v2\/posts\/15503\/revisions\/15509"}],"wp:featuredmedia":[{"embeddable":true,"href":"https:\/\/sola-poljane.splet.arnes.si\/index.php?rest_route=\/wp\/v2\/media\/15507"}],"wp:attachment":[{"href":"https:\/\/sola-poljane.splet.arnes.si\/index.php?rest_route=%2Fwp%2Fv2%2Fmedia&parent=15503"}],"wp:term":[{"taxonomy":"category","embeddable":true,"href":"https:\/\/sola-poljane.splet.arnes.si\/index.php?rest_route=%2Fwp%2Fv2%2Fcategories&post=15503"},{"taxonomy":"post_tag","embeddable":true,"href":"https:\/\/sola-poljane.splet.arnes.si\/index.php?rest_route=%2Fwp%2Fv2%2Ftags&post=15503"}],"curies":[{"name":"wp","href":"https:\/\/api.w.org\/{rel}","templated":true}]}}