{"id":15445,"date":"2019-12-03T19:18:51","date_gmt":"2019-12-03T18:18:51","guid":{"rendered":"http:\/\/sola-poljane.splet.arnes.si\/?p=15445"},"modified":"2020-09-07T13:41:41","modified_gmt":"2020-09-07T11:41:41","slug":"nase-ucenke-uspesne-na-natecaju-vest-na-preizkusnji-ob-100-letnici-visoske-kronike","status":"publish","type":"post","link":"https:\/\/sola-poljane.splet.arnes.si\/?p=15445","title":{"rendered":"Na\u0161e u\u010denke uspe\u0161ne na likovnem in literarnem nate\u010daju &#8220;Vest na preizku\u0161nji&#8221; \u2013 ob 100-letnici Viso\u0161ke kronike"},"content":{"rendered":"<p>V petek so v \u0160ubi\u010devi hi\u0161i odprli razstavo likovnih in literarnih del nate\u010daja <span style=\"color: #008080\"><strong>\u00bb100 LET VISO\u0160KE KRONIKE \u2013 VEST NA PREIZKU\u0160NJI\u00ab<\/strong><\/span>.<\/p>\n<p><strong><span style=\"color: #993300\">Nagrado za likovno delo so prejele:<\/span><\/strong><\/p>\n<ul>\n<li><span style=\"color: #ff6600\"><strong>Lucija Gantar, Sara Oblak, Ema Krek<\/strong><\/span> na razredni stopnji in<\/li>\n<li><strong><span style=\"color: #ff6600\">Tja\u0161a Jan\u010di\u010d, Lejla Vita Rihtar\u0161i\u010d, Nastja Dolenc<\/span> <\/strong>na predmetni stopnji.<\/li>\n<\/ul>\n<p><strong><span style=\"color: #993300\">Za literarno delo pa so prejele nagrado<\/span> <\/strong>u\u010denke <strong><span style=\"color: #ff6600\">S<\/span><span style=\"color: #ff6600\">uzana Debeljak, Ana Kos in Lara Mo\u017eina<\/span><\/strong> ter <strong><span style=\"color: #ff6600\">Lara Oblak, Anja Luznar in Ana Marolt.<\/span><\/strong><\/p>\n<p><strong>Vsem nagrajenkam \u010destitamo!<\/strong><\/p>\n<p>&nbsp;<\/p>\n<p>&nbsp;<\/p>\n<p style=\"text-align: center\"><span style=\"color: #3366ff\"><strong>LIKOVNI NATE\u010cAJ<\/strong><\/span><\/p>\n<p>&nbsp;<\/p>\n<p><a href=\"http:\/\/sola-poljane.splet.arnes.si\/files\/2019\/12\/Viso\u0161ka-Kronika-Ema-Krek-krutosti-je\u010de.jpg\"><img loading=\"lazy\" decoding=\"async\" class=\"alignnone size-full wp-image-15451 aligncenter\" src=\"http:\/\/sola-poljane.splet.arnes.si\/files\/2019\/12\/Viso\u0161ka-Kronika-Ema-Krek-krutosti-je\u010de.jpg\" alt=\"\" width=\"638\" height=\"451\" srcset=\"https:\/\/sola-poljane.splet.arnes.si\/files\/2019\/12\/Viso\u0161ka-Kronika-Ema-Krek-krutosti-je\u010de.jpg 638w, https:\/\/sola-poljane.splet.arnes.si\/files\/2019\/12\/Viso\u0161ka-Kronika-Ema-Krek-krutosti-je\u010de-300x212.jpg 300w, https:\/\/sola-poljane.splet.arnes.si\/files\/2019\/12\/Viso\u0161ka-Kronika-Ema-Krek-krutosti-je\u010de-78x55.jpg 78w, https:\/\/sola-poljane.splet.arnes.si\/files\/2019\/12\/Viso\u0161ka-Kronika-Ema-Krek-krutosti-je\u010de-624x441.jpg 624w\" sizes=\"auto, (max-width: 638px) 100vw, 638px\" \/><\/a><\/p>\n<p style=\"text-align: center\"><em><strong>Ema Krek, 5. b: Krutost je\u010de<\/strong><\/em><\/p>\n<p>&nbsp;<\/p>\n<p><a href=\"http:\/\/sola-poljane.splet.arnes.si\/files\/2019\/12\/Viso\u0161ka-Kronika-Lejla-Vita-Rihtar\u0161i\u010d-Mra\u010dnost-Krivde.jpg\"><img loading=\"lazy\" decoding=\"async\" class=\"alignnone size-full wp-image-15453 aligncenter\" src=\"http:\/\/sola-poljane.splet.arnes.si\/files\/2019\/12\/Viso\u0161ka-Kronika-Lejla-Vita-Rihtar\u0161i\u010d-Mra\u010dnost-Krivde.jpg\" alt=\"\" width=\"638\" height=\"451\" srcset=\"https:\/\/sola-poljane.splet.arnes.si\/files\/2019\/12\/Viso\u0161ka-Kronika-Lejla-Vita-Rihtar\u0161i\u010d-Mra\u010dnost-Krivde.jpg 638w, https:\/\/sola-poljane.splet.arnes.si\/files\/2019\/12\/Viso\u0161ka-Kronika-Lejla-Vita-Rihtar\u0161i\u010d-Mra\u010dnost-Krivde-300x212.jpg 300w, https:\/\/sola-poljane.splet.arnes.si\/files\/2019\/12\/Viso\u0161ka-Kronika-Lejla-Vita-Rihtar\u0161i\u010d-Mra\u010dnost-Krivde-78x55.jpg 78w, https:\/\/sola-poljane.splet.arnes.si\/files\/2019\/12\/Viso\u0161ka-Kronika-Lejla-Vita-Rihtar\u0161i\u010d-Mra\u010dnost-Krivde-624x441.jpg 624w\" sizes=\"auto, (max-width: 638px) 100vw, 638px\" \/><\/a><\/p>\n<p style=\"text-align: center\"><em><strong>Lejla Vita Rihtar\u0161i\u010d, 8. a: Mra\u010dnost krivde<\/strong><\/em><\/p>\n<p>&nbsp;<\/p>\n<p><a href=\"http:\/\/sola-poljane.splet.arnes.si\/files\/2019\/12\/Viso\u0161ka-Kronika-Nastja-Dolenc-Polikarpova-\u010dustva.jpg\"><img loading=\"lazy\" decoding=\"async\" class=\"alignnone size-full wp-image-15455 aligncenter\" src=\"http:\/\/sola-poljane.splet.arnes.si\/files\/2019\/12\/Viso\u0161ka-Kronika-Nastja-Dolenc-Polikarpova-\u010dustva.jpg\" alt=\"\" width=\"638\" height=\"451\" srcset=\"https:\/\/sola-poljane.splet.arnes.si\/files\/2019\/12\/Viso\u0161ka-Kronika-Nastja-Dolenc-Polikarpova-\u010dustva.jpg 638w, https:\/\/sola-poljane.splet.arnes.si\/files\/2019\/12\/Viso\u0161ka-Kronika-Nastja-Dolenc-Polikarpova-\u010dustva-300x212.jpg 300w, https:\/\/sola-poljane.splet.arnes.si\/files\/2019\/12\/Viso\u0161ka-Kronika-Nastja-Dolenc-Polikarpova-\u010dustva-78x55.jpg 78w, https:\/\/sola-poljane.splet.arnes.si\/files\/2019\/12\/Viso\u0161ka-Kronika-Nastja-Dolenc-Polikarpova-\u010dustva-624x441.jpg 624w\" sizes=\"auto, (max-width: 638px) 100vw, 638px\" \/><\/a><\/p>\n<p style=\"text-align: center\"><em><strong>Nastja Dolenc, 9. b: Polikarpova \u010dustva<\/strong><\/em><\/p>\n<p style=\"text-align: center\"><strong><span style=\"color: #008080\">***********************************************************************<\/span><\/strong><\/p>\n<p style=\"text-align: center\"><span style=\"color: #3366ff\"><strong>LITERARNI NATE\u010cAJ<\/strong><\/span><\/p>\n<p style=\"text-align: center\"><a href=\"http:\/\/sola-poljane.splet.arnes.si\/files\/2019\/12\/recitacija.jpg\"><img loading=\"lazy\" decoding=\"async\" class=\"alignnone size-large wp-image-15473\" src=\"http:\/\/sola-poljane.splet.arnes.si\/files\/2019\/12\/recitacija-1024x768.jpg\" alt=\"\" width=\"887\" height=\"665\" srcset=\"https:\/\/sola-poljane.splet.arnes.si\/files\/2019\/12\/recitacija-1024x768.jpg 1024w, https:\/\/sola-poljane.splet.arnes.si\/files\/2019\/12\/recitacija-300x225.jpg 300w, https:\/\/sola-poljane.splet.arnes.si\/files\/2019\/12\/recitacija-768x576.jpg 768w, https:\/\/sola-poljane.splet.arnes.si\/files\/2019\/12\/recitacija-73x55.jpg 73w, https:\/\/sola-poljane.splet.arnes.si\/files\/2019\/12\/recitacija-947x710.jpg 947w, https:\/\/sola-poljane.splet.arnes.si\/files\/2019\/12\/recitacija-624x468.jpg 624w, https:\/\/sola-poljane.splet.arnes.si\/files\/2019\/12\/recitacija.jpg 1175w\" sizes=\"auto, (max-width: 887px) 100vw, 887px\" \/><\/a><\/p>\n<p style=\"text-align: center\"><em><strong>Suzana, Ana in Lara<\/strong><\/em><\/p>\n<p>&nbsp;<\/p>\n<table class=\" aligncenter\" style=\"height: 1109px\" width=\"545\">\n<tbody>\n<tr>\n<td>Viso\u0161ki Polikarp Kalan<br \/>\nje bil od hudi\u010da poslan.<br \/>\nBitke krvave je zmagoval,<br \/>\npotem \u0161e prijatelja kruto zaklal.<br \/>\nUkraden denar mu le\u017eal je na du\u0161i,<br \/>\nlastna ga vest postopoma ru\u0161i.<br \/>\nNa kupljenem dvorcu Visoko \u017eivi,<br \/>\nal&#8217; sre\u010de, radosti za njega tam ni.<br \/>\nNakar se pojavi skrivnostna gospa,<br \/>\nobupana, strta, polna solza.<br \/>\n&#8221;Preklet naj bo tisti, ki ubil je mo\u017ea,<br \/>\n\u017eivljenje kratko mu bo polno pekla.&#8221;<br \/>\nGloboko so segle mu njene besede,<br \/>\nod spoznanja lahko se samo \u0161e sesede.<br \/>\n\u010ceprav v njem bije kamnito srce,<br \/>\nse vendar odlo\u010di popravit gorje.<br \/>\n&#8221;Izidor, sin moj, poslu\u0161aj me zdaj,<br \/>\npo Agato pojdi, pripelji jo v raj.&#8221;<br \/>\nKo Agata pride, se vse uredi,<br \/>\n\u017eivljenje obeta le sre\u010dne jim dni.<br \/>\nMarks Wulffing, nadlega, jo sili na ples,<br \/>\nker Agata no\u010de, popade ga bes.<br \/>\nVztraja, sitnari, se ne ohladi,<br \/>\nklofuto mu Agata br\u017e prisoli.<br \/>\n&#8221;Ne bo \u017eenska, Agata, me zavrnila,<br \/>\nbridko ji bo \u017eal, da se ni pokorila.&#8221;<br \/>\nIn kaj mu velela je du\u0161a kosmata:<br \/>\n&#8221;Ne \u017eenska, \u010darovnica, to je Agata!&#8221;<br \/>\nV Loki jo blati, grdo govori,<br \/>\nda jaha pra\u0161i\u010de, da tekla je kri!<br \/>\nV bran se postavi ji Margareta,<br \/>\nko pravi, da Marks je navadna kleveta.<br \/>\nSodnik je odlo\u010dil: &#8221;Preveri naj se,<br \/>\n\u010de pride iz vode, svobodno naj gre.&#8221;<br \/>\nValovi dero\u010di ji jemljejo mo\u010d,<br \/>\n\u017ee Jurij pogumno hiti na pomo\u010d.<br \/>\nNedol\u017enost se njena je s tem dokazala,<br \/>\nvesela je Jurijeva \u017eena postala.<br \/>\nPolikarpov greh vse v srcu te\u017ei,<br \/>\nsmrt jih ujame prerane njih dni.<br \/>\n\u010ceprav Visoko v soncu \u017eari,<br \/>\nprekletstvo vztraja in vse pomori.<\/p>\n<p>&nbsp;<\/td>\n<\/tr>\n<\/tbody>\n<\/table>\n<p><em><strong>\u00a0 \u00a0 \u00a0 \u00a0 \u00a0 \u00a0 \u00a0 \u00a0 \u00a0 \u00a0 \u00a0 \u00a0 \u00a0 \u00a0 Lara Mo\u017eina, Suzana Debeljak, Ana Kos (vse 9. a razred)\u00a0 \u00a0 \u00a0 \u00a0 <\/strong><\/em><\/p>\n<p>&nbsp;<\/p>\n<p style=\"text-align: center\"><span style=\"color: #0000ff\"><strong>*****************************<\/strong><\/span><\/p>\n<p>&nbsp;<\/p>\n<table class=\" aligncenter\" style=\"height: 849px\" width=\"546\">\n<tbody>\n<tr>\n<td>Okruten, zloben ter brez srca<br \/>\nbesede so prave za Polikarpa.<br \/>\nRad bi se spremen<em>\u00edl<\/em>,<br \/>\n\u017eivljenje bolj\u0161e zagotov<em>\u00ed<\/em>l,<br \/>\nznebil se slabe vesti,<br \/>\nki \u017ee leta ga lovi.<\/p>\n<p>Sprva je mislil,<br \/>\nda spomin lahko \u017eivi<br \/>\nskrit v koti\u010dku srca,<br \/>\nnajgloblje zakopanega.<br \/>\nNih\u010de nikoli ga ne bo odkril,<br \/>\nle z njim vedno ostal bo \u017eiv.<\/p>\n<p>Njegova jeza privrela je na dan,<br \/>\nspomin \u0161e vedno ostal je zakopan.<br \/>\nKrivde, da umor je zagre\u0161il,<br \/>\nse o\u010ditno nikoli ne bo znebil.<\/p>\n<p>No\u010dne more ga preganjajo,<br \/>\nzadnje ure oznanjajo.<br \/>\nPolikarp izbuljil je o\u010di,<br \/>\npokesal se,<br \/>\npotem ga smrt dohiti.<\/p>\n<p>Prekletstvo na Visokem je ostalo,<br \/>\nPolikarpa pokopalo.<br \/>\nDvorec Izidor je dobil,<br \/>\nAgato za gospodinjo zaposlil.<\/p>\n<p>Po\u010dasi umirali so vsi,<br \/>\nki s Polikarpom v sorodu so bili.<br \/>\n\u00bbPridem pote,\u00ab jim glas govori,<br \/>\neden za drugim so od\u0161li.<\/p>\n<h5><em>\u00a0Ana Marolt, 9. a, Lara Oblak, 9. b, Anja Luznar, 9. b<\/em><\/h5>\n<\/td>\n<\/tr>\n<\/tbody>\n<\/table>\n<p>&nbsp;<\/p>\n<p style=\"text-align: center\">\n<p style=\"text-align: center\">\n<p style=\"text-align: center\"><a href=\"http:\/\/sola-poljane.splet.arnes.si\/files\/2019\/12\/nastja.jpg\"><img loading=\"lazy\" decoding=\"async\" class=\"alignnone wp-image-15477\" src=\"http:\/\/sola-poljane.splet.arnes.si\/files\/2019\/12\/nastja.jpg\" alt=\"\" width=\"243\" height=\"523\" srcset=\"https:\/\/sola-poljane.splet.arnes.si\/files\/2019\/12\/nastja.jpg 409w, https:\/\/sola-poljane.splet.arnes.si\/files\/2019\/12\/nastja-139x300.jpg 139w, https:\/\/sola-poljane.splet.arnes.si\/files\/2019\/12\/nastja-26x55.jpg 26w\" sizes=\"auto, (max-width: 243px) 100vw, 243px\" \/><\/a><\/p>\n","protected":false},"excerpt":{"rendered":"<p>V petek so v \u0160ubi\u010devi hi\u0161i odprli razstavo likovnih in [&hellip;]<\/p>\n","protected":false},"author":56163,"featured_media":15455,"comment_status":"closed","ping_status":"open","sticky":false,"template":"","format":"standard","meta":{"ngg_post_thumbnail":0,"footnotes":""},"categories":[55,37],"tags":[],"class_list":["post-15445","post","type-post","status-publish","format-standard","has-post-thumbnail","hentry","category-dogajanje","category-natecaji"],"_links":{"self":[{"href":"https:\/\/sola-poljane.splet.arnes.si\/index.php?rest_route=\/wp\/v2\/posts\/15445","targetHints":{"allow":["GET"]}}],"collection":[{"href":"https:\/\/sola-poljane.splet.arnes.si\/index.php?rest_route=\/wp\/v2\/posts"}],"about":[{"href":"https:\/\/sola-poljane.splet.arnes.si\/index.php?rest_route=\/wp\/v2\/types\/post"}],"author":[{"embeddable":true,"href":"https:\/\/sola-poljane.splet.arnes.si\/index.php?rest_route=\/wp\/v2\/users\/56163"}],"replies":[{"embeddable":true,"href":"https:\/\/sola-poljane.splet.arnes.si\/index.php?rest_route=%2Fwp%2Fv2%2Fcomments&post=15445"}],"version-history":[{"count":17,"href":"https:\/\/sola-poljane.splet.arnes.si\/index.php?rest_route=\/wp\/v2\/posts\/15445\/revisions"}],"predecessor-version":[{"id":15501,"href":"https:\/\/sola-poljane.splet.arnes.si\/index.php?rest_route=\/wp\/v2\/posts\/15445\/revisions\/15501"}],"wp:featuredmedia":[{"embeddable":true,"href":"https:\/\/sola-poljane.splet.arnes.si\/index.php?rest_route=\/wp\/v2\/media\/15455"}],"wp:attachment":[{"href":"https:\/\/sola-poljane.splet.arnes.si\/index.php?rest_route=%2Fwp%2Fv2%2Fmedia&parent=15445"}],"wp:term":[{"taxonomy":"category","embeddable":true,"href":"https:\/\/sola-poljane.splet.arnes.si\/index.php?rest_route=%2Fwp%2Fv2%2Fcategories&post=15445"},{"taxonomy":"post_tag","embeddable":true,"href":"https:\/\/sola-poljane.splet.arnes.si\/index.php?rest_route=%2Fwp%2Fv2%2Ftags&post=15445"}],"curies":[{"name":"wp","href":"https:\/\/api.w.org\/{rel}","templated":true}]}}