{"id":15363,"date":"2019-11-26T20:24:53","date_gmt":"2019-11-26T19:24:53","guid":{"rendered":"http:\/\/sola-poljane.splet.arnes.si\/?p=15363"},"modified":"2020-09-07T13:41:41","modified_gmt":"2020-09-07T11:41:41","slug":"tehniski-dan-sivanje-v-3-razredu","status":"publish","type":"post","link":"https:\/\/sola-poljane.splet.arnes.si\/?p=15363","title":{"rendered":"Tehni\u0161ki dan \u2013 \u0161ivanje v 3. razredu"},"content":{"rendered":"<p>Najprej sem vadil \u0161ivanje na vajenici, nato sem \u0161ival lutko \u2013 mucka. <em><strong>(Jo\u0161t)<\/strong><\/em><\/p>\n<p>V petek smo \u0161ivali. Najprej smo se preizkusili na vajenici, nato smo pri\u0161ili gumba in br\u010dice. Nastala je muca.<em><strong> (O\u017ebej)<\/strong><\/em><\/p>\n<p>\u0160ivati mi je bilo te\u017eko, imela sem malo pomo\u010di. <em><strong>(Zala)<\/strong><\/em><\/p>\n<p>\u0160ivali smo muco Copatarico. Zelo mi je bilo v\u0161e\u010d, ker smo se u\u010dili nov \u0161iv. Ta dan je bil zelo lep. <em><strong>(Nadja)<\/strong><\/em><\/p>\n<p>Pri \u0161ivanju sem imel te\u017eave, ker sem se v\u010dasih zbodel v prst. <em><strong>(Andra\u017e)<\/strong><\/em><\/p>\n<p>Lepo mi je bilo, ko sem se na vajenici u\u010dil nov \u0161iv. Tudi pri \u0161ivanju mi je bilo zelo lepo. Ko sem naredil prvi \u0161iv, mi je zelo dobro uspel. Tudi naprej mi je \u0161lo zelo dobro. <em><strong>(An\u017ee)<\/strong><\/em><\/p>\n<p>Zelo mi je bilo v\u0161e\u010d, ker smo med \u0161ivanjem imeli glasbene \u017eelje. <em><strong>(Ema)<\/strong><\/em><\/p>\n<p>V petek mi je bilo v\u0161e\u010d, ker sem se nau\u010dil nov vozel. <em><strong>(Tadej)<\/strong><\/em><\/p>\n<p>V petek smo imeli tehni\u0161ki dan. \u0160ivali smo muce. <em><strong>(Nace)<\/strong><\/em><\/p>\n<p>\u0160ivati je bilo te\u017eko, toda vse, kar sem naredila, mi je dobro uspelo. <em><strong>(Maria)<\/strong><\/em><\/p>\n<p>Pri \u0161ivanju mi je dobro \u0161lo, ko sem \u0161ival uhlje. <em><strong>(Tilen)<\/strong><\/em><\/p>\n<p>Najbolj v\u0161e\u010d mi je bilo \u0161ivanje o\u010di. Te\u017eko mi je bilo delati vozle. <em><strong>(Tinkara)<\/strong><\/em><\/p>\n<p>\u010ceprav je bilo na koncu zelo lepo, sem imela pri \u0161ivanju te\u017eave. V\u0161e\u010d mi je bilo, da smo delali mucke. <em><strong>(Manca)<\/strong><\/em><\/p>\n<p>\u0160ivanje mi je v\u0161e\u010d. V\u0161e\u010d mi je bilo, ker smo imeli glasbene \u017eelje. Zmotila sem se enkrat. Ta dan mi je bil zelo v\u0161e\u010d. <em><strong>(Leja)<\/strong><\/em><\/p>\n<p>V\u0161e\u010d mi je bilo, ker imam \u0161ivanje rada. Rada se u\u010dim in nau\u010dim nove tehnike. <em><strong>(Zarja)<\/strong><\/em><\/p>\n<p>Veselil sem se, ker \u017ee dolgo \u010dasa nisem \u0161ival. Zato me je mami pohvalila.<em><strong> (Jakob)<\/strong><\/em><\/p>\n<p>Na tehni\u0161kem dnevu smo \u0161ivali muco. Med \u0161ivanjem smo poslu\u0161ali glasbo. <em><strong>(Ne\u017ea)<\/strong><\/em><\/p>\n<p>Tehni\u0161ki dan mi je bil v\u0161e\u010d, ker smo \u0161ivali. Toda imel sem te\u017eave pri u\u0161esih in na koncu, ko sem zaklju\u010deval. <em><strong>(Martin)<\/strong><\/em><\/p>\n<p>Na tehni\u0161kem dnevu sem vadil \u0161ivanje.<em><strong> (Luka)<\/strong><\/em><\/p>\n<p>&nbsp;<\/p>\nngg_shortcode_0_placeholder\n","protected":false},"excerpt":{"rendered":"<p>Najprej sem vadil \u0161ivanje na vajenici, nato sem \u0161ival lutko [&hellip;]<\/p>\n","protected":false},"author":56163,"featured_media":15369,"comment_status":"closed","ping_status":"open","sticky":false,"template":"","format":"standard","meta":{"ngg_post_thumbnail":0,"footnotes":""},"categories":[7,55],"tags":[],"class_list":["post-15363","post","type-post","status-publish","format-standard","has-post-thumbnail","hentry","category-dnevi-dejavnosti","category-dogajanje"],"_links":{"self":[{"href":"https:\/\/sola-poljane.splet.arnes.si\/index.php?rest_route=\/wp\/v2\/posts\/15363","targetHints":{"allow":["GET"]}}],"collection":[{"href":"https:\/\/sola-poljane.splet.arnes.si\/index.php?rest_route=\/wp\/v2\/posts"}],"about":[{"href":"https:\/\/sola-poljane.splet.arnes.si\/index.php?rest_route=\/wp\/v2\/types\/post"}],"author":[{"embeddable":true,"href":"https:\/\/sola-poljane.splet.arnes.si\/index.php?rest_route=\/wp\/v2\/users\/56163"}],"replies":[{"embeddable":true,"href":"https:\/\/sola-poljane.splet.arnes.si\/index.php?rest_route=%2Fwp%2Fv2%2Fcomments&post=15363"}],"version-history":[{"count":2,"href":"https:\/\/sola-poljane.splet.arnes.si\/index.php?rest_route=\/wp\/v2\/posts\/15363\/revisions"}],"predecessor-version":[{"id":15367,"href":"https:\/\/sola-poljane.splet.arnes.si\/index.php?rest_route=\/wp\/v2\/posts\/15363\/revisions\/15367"}],"wp:featuredmedia":[{"embeddable":true,"href":"https:\/\/sola-poljane.splet.arnes.si\/index.php?rest_route=\/wp\/v2\/media\/15369"}],"wp:attachment":[{"href":"https:\/\/sola-poljane.splet.arnes.si\/index.php?rest_route=%2Fwp%2Fv2%2Fmedia&parent=15363"}],"wp:term":[{"taxonomy":"category","embeddable":true,"href":"https:\/\/sola-poljane.splet.arnes.si\/index.php?rest_route=%2Fwp%2Fv2%2Fcategories&post=15363"},{"taxonomy":"post_tag","embeddable":true,"href":"https:\/\/sola-poljane.splet.arnes.si\/index.php?rest_route=%2Fwp%2Fv2%2Ftags&post=15363"}],"curies":[{"name":"wp","href":"https:\/\/api.w.org\/{rel}","templated":true}]}}