{"id":15283,"date":"2019-11-15T19:14:25","date_gmt":"2019-11-15T18:14:25","guid":{"rendered":"http:\/\/sola-poljane.splet.arnes.si\/?p=15283"},"modified":"2020-09-07T13:41:41","modified_gmt":"2020-09-07T11:41:41","slug":"v-2-b-so-sivali-sovice","status":"publish","type":"post","link":"https:\/\/sola-poljane.splet.arnes.si\/?p=15283","title":{"rendered":"V 2. b so \u0161ivali sovice"},"content":{"rendered":"<p>Danes smo delali sovico iz blaga in iz gumbov. Najte\u017eje mi je bilo, da je bila nitka in jo je treba dati v uho. Potem sem \u0161la po drugo nitko in je bilo la\u017eje. Najprej sem o\u010dke za\u0161ila na sr\u010dek, pri\u0161ili smo tri gumbe. Potem pa nalepili. <strong>(Sara Mlinar)<\/strong><\/p>\n<p>Danes smo \u0161ivali. Zelo mi je bilo v\u0161e\u010d, ko smo \u0161ivali gumbe. Vse sovice so bile zelo lepe. In vse sovice so bile zelo razli\u010dne. \u0160ivati sovico mi je bilo v\u0161e\u010d. Vse mi je bilo v\u0161e\u010d. <strong>(Veronika Benedi\u010di\u010d)<\/strong><\/p>\n<p>Danes smo \u0161ivali sove. In bilo je super. Zato bi rada \u0161e takih dni. Najprej smo \u0161ivali o\u010di. In nato smo delali trebuh. Nato pa smo zlepili skupaj. To je bil najbolj\u0161i dan. <strong>(Izabela Strel)<\/strong><\/p>\n<p>Za mene je bilo te\u017eko, a je bilo zanimivo. <strong>(Gregor Ku\u0161trin)<\/strong><\/p>\n<p>Meni je bilo vse v\u0161e\u010d, samo ni mi bilo v\u0161e\u010d, da sem se zbodel v \u0161ivanko. <strong>(Val Krek)<\/strong><\/p>\n<p>Najbolj\u0161e mi je bilo \u0161ivati. Komaj \u010dakam, da spet \u0161ivam. <strong>(Tja\u0161a Poto\u010dnik)<\/strong><\/p>\n<p>Najprej smo ob\u0161ili okrog belega blaga. Potem smo pri\u0161ili dva velika gumba. In potem smo na izstri\u017eeni sr\u010dek spet pri\u0161ili gumbe. <strong>(Katja Kav\u010di\u010d)<\/strong><\/p>\n<p>Bilo mi je zelo v\u0161e\u010d in zelo sem se zabavala. Uporabljali smo: gumbe, blago, \u0161ivanke in sukanec. Moja sovica je lepa. <strong>(Ela Novak)<\/strong><\/p>\n<p>Najprej smo se\u0161ili o\u010di in potem gumbe. V\u0161e\u010d mi je bilo, ko smo \u0161ivali gumbe. Ni mi bilo v\u0161e\u010d, ko smo lepili telo. <strong>(Tina Bo\u017enar)<\/strong><\/p>\n<p>Najbolj mi je bilo te\u017eko, ko smo dajali sukanec v \u0161ivanko. Najbolj mi je bilo lahko, ko smo \u0161ivali. Upam, da bomo imeli \u0161e kdaj \u0161ivalni dan. <strong>(Miha Arnolj)<\/strong><\/p>\n<p>&nbsp;<\/p>\nngg_shortcode_0_placeholder\n","protected":false},"excerpt":{"rendered":"<p>Danes smo delali sovico iz blaga in iz gumbov. Najte\u017eje [&hellip;]<\/p>\n","protected":false},"author":56163,"featured_media":15287,"comment_status":"closed","ping_status":"open","sticky":false,"template":"","format":"standard","meta":{"ngg_post_thumbnail":0,"footnotes":""},"categories":[7,55],"tags":[],"class_list":["post-15283","post","type-post","status-publish","format-standard","has-post-thumbnail","hentry","category-dnevi-dejavnosti","category-dogajanje"],"_links":{"self":[{"href":"https:\/\/sola-poljane.splet.arnes.si\/index.php?rest_route=\/wp\/v2\/posts\/15283","targetHints":{"allow":["GET"]}}],"collection":[{"href":"https:\/\/sola-poljane.splet.arnes.si\/index.php?rest_route=\/wp\/v2\/posts"}],"about":[{"href":"https:\/\/sola-poljane.splet.arnes.si\/index.php?rest_route=\/wp\/v2\/types\/post"}],"author":[{"embeddable":true,"href":"https:\/\/sola-poljane.splet.arnes.si\/index.php?rest_route=\/wp\/v2\/users\/56163"}],"replies":[{"embeddable":true,"href":"https:\/\/sola-poljane.splet.arnes.si\/index.php?rest_route=%2Fwp%2Fv2%2Fcomments&post=15283"}],"version-history":[{"count":2,"href":"https:\/\/sola-poljane.splet.arnes.si\/index.php?rest_route=\/wp\/v2\/posts\/15283\/revisions"}],"predecessor-version":[{"id":15289,"href":"https:\/\/sola-poljane.splet.arnes.si\/index.php?rest_route=\/wp\/v2\/posts\/15283\/revisions\/15289"}],"wp:featuredmedia":[{"embeddable":true,"href":"https:\/\/sola-poljane.splet.arnes.si\/index.php?rest_route=\/wp\/v2\/media\/15287"}],"wp:attachment":[{"href":"https:\/\/sola-poljane.splet.arnes.si\/index.php?rest_route=%2Fwp%2Fv2%2Fmedia&parent=15283"}],"wp:term":[{"taxonomy":"category","embeddable":true,"href":"https:\/\/sola-poljane.splet.arnes.si\/index.php?rest_route=%2Fwp%2Fv2%2Fcategories&post=15283"},{"taxonomy":"post_tag","embeddable":true,"href":"https:\/\/sola-poljane.splet.arnes.si\/index.php?rest_route=%2Fwp%2Fv2%2Ftags&post=15283"}],"curies":[{"name":"wp","href":"https:\/\/api.w.org\/{rel}","templated":true}]}}