{"id":15203,"date":"2019-11-09T08:12:39","date_gmt":"2019-11-09T07:12:39","guid":{"rendered":"http:\/\/sola-poljane.splet.arnes.si\/?p=15203"},"modified":"2020-09-07T13:42:15","modified_gmt":"2020-09-07T11:42:15","slug":"plakat-miru-2","status":"publish","type":"post","link":"https:\/\/sola-poljane.splet.arnes.si\/?p=15203","title":{"rendered":"Plakat miru"},"content":{"rendered":"<p>U\u010denci na\u0161e \u0161ole so sodelovali na <strong><span style=\"color: #ff6600\">32. Mednarodnem likovnem nate\u010daju &#8220;Plakat miru&#8221;<\/span><\/strong>, ki letos nosi podnaslov <strong><span style=\"color: #ff6600\">&#8220;Pot miru&#8221;<\/span><\/strong>. Razstava plakatov je na ogled v Sokolskem domu v \u0160kofji Loki. Razstavljeni so tudi izdelki na\u0161ih u\u010dencev, in sicer <span style=\"color: #ff6600\">Mance Buh, O\u017ebeja Kreka, Taje Lesjak, Gala Repov\u017ea, Tie Zorko, Lejle Vite Rihtar\u0161i\u010d, Zale Peternel, Tine Rupar in Ane Marolt.<\/span><\/p>\n<p>Med vsemi razstavljenimi deli iz na\u0161e regije so izbrali sedem del, ki bodo krasila prostore Dr\u017eavnega zbora RS. V o\u017eji izbor se je uvrstilo delo na\u0161e u\u010denke <strong><span style=\"color: #ff6600\">Ane Marolt<\/span><\/strong>.<\/p>\n<p><em><strong>\u010cestitamo!<\/strong><\/em><\/p>\n<p>&nbsp;<\/p>\n<p><a href=\"http:\/\/sola-poljane.splet.arnes.si\/files\/2019\/11\/Ana-Marolt.jpg\"><img loading=\"lazy\" decoding=\"async\" class=\"alignnone size-medium wp-image-15205 aligncenter\" src=\"http:\/\/sola-poljane.splet.arnes.si\/files\/2019\/11\/Ana-Marolt-300x208.jpg\" alt=\"\" width=\"300\" height=\"208\" srcset=\"https:\/\/sola-poljane.splet.arnes.si\/files\/2019\/11\/Ana-Marolt-300x208.jpg 300w, https:\/\/sola-poljane.splet.arnes.si\/files\/2019\/11\/Ana-Marolt-79x55.jpg 79w, https:\/\/sola-poljane.splet.arnes.si\/files\/2019\/11\/Ana-Marolt-624x433.jpg 624w, https:\/\/sola-poljane.splet.arnes.si\/files\/2019\/11\/Ana-Marolt.jpg 709w\" sizes=\"auto, (max-width: 300px) 100vw, 300px\" \/><\/a><\/p>\n<p style=\"text-align: center\"><strong><span style=\"color: #000000\">Ana Marolt<\/span><\/strong><\/p>\n<p><a href=\"http:\/\/sola-poljane.splet.arnes.si\/files\/2019\/11\/Plakat-miru-Taja-Lesjak-2.jpg\"><img loading=\"lazy\" decoding=\"async\" class=\"alignnone size-medium wp-image-15207 aligncenter\" src=\"http:\/\/sola-poljane.splet.arnes.si\/files\/2019\/11\/Plakat-miru-Taja-Lesjak-2-224x300.jpg\" alt=\"\" width=\"224\" height=\"300\" srcset=\"https:\/\/sola-poljane.splet.arnes.si\/files\/2019\/11\/Plakat-miru-Taja-Lesjak-2-224x300.jpg 224w, https:\/\/sola-poljane.splet.arnes.si\/files\/2019\/11\/Plakat-miru-Taja-Lesjak-2-41x55.jpg 41w, https:\/\/sola-poljane.splet.arnes.si\/files\/2019\/11\/Plakat-miru-Taja-Lesjak-2.jpg 489w\" sizes=\"auto, (max-width: 224px) 100vw, 224px\" \/><\/a><\/p>\n<p style=\"text-align: center\"><strong>Taja Lesjak<\/strong><\/p>\n<p><a href=\"http:\/\/sola-poljane.splet.arnes.si\/files\/2019\/11\/Plakat-miru-Lejla-Vita-Rihtar\u0161i\u010d-2.jpg\"><img loading=\"lazy\" decoding=\"async\" class=\"alignnone size-medium wp-image-15209 aligncenter\" src=\"http:\/\/sola-poljane.splet.arnes.si\/files\/2019\/11\/Plakat-miru-Lejla-Vita-Rihtar\u0161i\u010d-2-300x221.jpg\" alt=\"\" width=\"300\" height=\"221\" srcset=\"https:\/\/sola-poljane.splet.arnes.si\/files\/2019\/11\/Plakat-miru-Lejla-Vita-Rihtar\u0161i\u010d-2-300x221.jpg 300w, https:\/\/sola-poljane.splet.arnes.si\/files\/2019\/11\/Plakat-miru-Lejla-Vita-Rihtar\u0161i\u010d-2-75x55.jpg 75w, https:\/\/sola-poljane.splet.arnes.si\/files\/2019\/11\/Plakat-miru-Lejla-Vita-Rihtar\u0161i\u010d-2-624x461.jpg 624w, https:\/\/sola-poljane.splet.arnes.si\/files\/2019\/11\/Plakat-miru-Lejla-Vita-Rihtar\u0161i\u010d-2.jpg 672w\" sizes=\"auto, (max-width: 300px) 100vw, 300px\" \/><\/a><\/p>\n<p style=\"text-align: center\"><strong>Lejla Vita Rihtar\u0161i\u010d<\/strong><\/p>\n","protected":false},"excerpt":{"rendered":"<p>U\u010denci na\u0161e \u0161ole so sodelovali na 32. Mednarodnem likovnem nate\u010daju [&hellip;]<\/p>\n","protected":false},"author":56163,"featured_media":15205,"comment_status":"closed","ping_status":"open","sticky":false,"template":"","format":"standard","meta":{"ngg_post_thumbnail":0,"footnotes":""},"categories":[55,37],"tags":[],"class_list":["post-15203","post","type-post","status-publish","format-standard","has-post-thumbnail","hentry","category-dogajanje","category-natecaji"],"_links":{"self":[{"href":"https:\/\/sola-poljane.splet.arnes.si\/index.php?rest_route=\/wp\/v2\/posts\/15203","targetHints":{"allow":["GET"]}}],"collection":[{"href":"https:\/\/sola-poljane.splet.arnes.si\/index.php?rest_route=\/wp\/v2\/posts"}],"about":[{"href":"https:\/\/sola-poljane.splet.arnes.si\/index.php?rest_route=\/wp\/v2\/types\/post"}],"author":[{"embeddable":true,"href":"https:\/\/sola-poljane.splet.arnes.si\/index.php?rest_route=\/wp\/v2\/users\/56163"}],"replies":[{"embeddable":true,"href":"https:\/\/sola-poljane.splet.arnes.si\/index.php?rest_route=%2Fwp%2Fv2%2Fcomments&post=15203"}],"version-history":[{"count":4,"href":"https:\/\/sola-poljane.splet.arnes.si\/index.php?rest_route=\/wp\/v2\/posts\/15203\/revisions"}],"predecessor-version":[{"id":15217,"href":"https:\/\/sola-poljane.splet.arnes.si\/index.php?rest_route=\/wp\/v2\/posts\/15203\/revisions\/15217"}],"wp:featuredmedia":[{"embeddable":true,"href":"https:\/\/sola-poljane.splet.arnes.si\/index.php?rest_route=\/wp\/v2\/media\/15205"}],"wp:attachment":[{"href":"https:\/\/sola-poljane.splet.arnes.si\/index.php?rest_route=%2Fwp%2Fv2%2Fmedia&parent=15203"}],"wp:term":[{"taxonomy":"category","embeddable":true,"href":"https:\/\/sola-poljane.splet.arnes.si\/index.php?rest_route=%2Fwp%2Fv2%2Fcategories&post=15203"},{"taxonomy":"post_tag","embeddable":true,"href":"https:\/\/sola-poljane.splet.arnes.si\/index.php?rest_route=%2Fwp%2Fv2%2Ftags&post=15203"}],"curies":[{"name":"wp","href":"https:\/\/api.w.org\/{rel}","templated":true}]}}