{"id":15087,"date":"2019-10-22T22:27:06","date_gmt":"2019-10-22T20:27:06","guid":{"rendered":"http:\/\/sola-poljane.splet.arnes.si\/?p=15087"},"modified":"2020-09-07T13:42:15","modified_gmt":"2020-09-07T11:42:15","slug":"kulturni-dan-martin-krpan","status":"publish","type":"post","link":"https:\/\/sola-poljane.splet.arnes.si\/?p=15087","title":{"rendered":"Kulturni dan \u2013 Martin Krpan"},"content":{"rendered":"<p>Tokratni kulturni dan je bil namenjen vsem u\u010denkam in u\u010dencem na\u0161e \u0161ole. Izhodi\u0161\u010de je bila ve\u010dini sicer dobro poznana zgodba o Martinu Krpanu, ki smo si jo ogledali v \u017direh \u2013 priredbo izvirnega Levstikovega dela so odli\u010dno uprizorili u\u010denci O\u0160 \u017diri in igralci DPD Svoboda \u017diri, in sicer pod naslovom <strong><span style=\"color: #008000\">Martin Krpan \u2013 z Vrha doma pa stra\u0161ansko mo\u010dan.<\/span><\/strong><\/p>\n<p>Po prihodu v \u0161olo so <span style=\"color: #3366ff\"><strong>u\u010denke in u\u010denci od 6. do 9. razreda<\/strong><\/span> eno \u0161olsko uro spoznavali <span style=\"color: #008000\">\u017eivljenje in delo Frana Levstika<\/span>, v naslednji uri pa so <span style=\"color: #008000\">s kvizom<\/span> preverili, kaj in koliko so se nau\u010dili.<\/p>\n<p>&nbsp;<\/p>\nngg_shortcode_0_placeholder\n<p>&nbsp;<\/p>\n<p style=\"text-align: center\"><strong><span style=\"color: #008000\">***********************************************************************************<\/span><\/strong><\/p>\n<p><strong><span style=\"color: #3366ff\">Drugo\u0161olci<\/span> <\/strong>so od\u0161li domov <span style=\"color: #3366ff\">s Krpanovo kobilico<\/span> \u2013 tako so imenovali konji\u010dka, ki so ga zgibali iz papirja. Najprej je zgledalo, da bo izdelava enostavna, potem pa se je izkazalo, da le ni bilo tako. Po ogledu gledali\u0161ke predstave, nad katero so bili navdu\u0161eni, je bilo ravno prav \u010dasa, da so izdelali konji\u010dka, ga po lastni \u017eelji pobarvali ter se z njim med seboj poigrali.<\/p>\n<p><em><strong>Irma \u010cade\u017e<\/strong><\/em><\/p>\n<p>&nbsp;<\/p>\nngg_shortcode_1_placeholder\n<ul>\n<li>\n<h6>Vir prikazne slike prispevka je spletna stran O\u0160 \u017diri.<\/h6>\n<\/li>\n<\/ul>\n","protected":false},"excerpt":{"rendered":"<p>Tokratni kulturni dan je bil namenjen vsem u\u010denkam in u\u010dencem [&hellip;]<\/p>\n","protected":false},"author":56163,"featured_media":15091,"comment_status":"closed","ping_status":"open","sticky":false,"template":"","format":"standard","meta":{"ngg_post_thumbnail":0,"footnotes":""},"categories":[7,29,15,55],"tags":[],"class_list":["post-15087","post","type-post","status-publish","format-standard","has-post-thumbnail","hentry","category-dnevi-dejavnosti","category-dnevi-dejavnosti-3-triada","category-dnevi-dejavnosti-2-triada","category-dogajanje"],"_links":{"self":[{"href":"https:\/\/sola-poljane.splet.arnes.si\/index.php?rest_route=\/wp\/v2\/posts\/15087","targetHints":{"allow":["GET"]}}],"collection":[{"href":"https:\/\/sola-poljane.splet.arnes.si\/index.php?rest_route=\/wp\/v2\/posts"}],"about":[{"href":"https:\/\/sola-poljane.splet.arnes.si\/index.php?rest_route=\/wp\/v2\/types\/post"}],"author":[{"embeddable":true,"href":"https:\/\/sola-poljane.splet.arnes.si\/index.php?rest_route=\/wp\/v2\/users\/56163"}],"replies":[{"embeddable":true,"href":"https:\/\/sola-poljane.splet.arnes.si\/index.php?rest_route=%2Fwp%2Fv2%2Fcomments&post=15087"}],"version-history":[{"count":6,"href":"https:\/\/sola-poljane.splet.arnes.si\/index.php?rest_route=\/wp\/v2\/posts\/15087\/revisions"}],"predecessor-version":[{"id":15131,"href":"https:\/\/sola-poljane.splet.arnes.si\/index.php?rest_route=\/wp\/v2\/posts\/15087\/revisions\/15131"}],"wp:featuredmedia":[{"embeddable":true,"href":"https:\/\/sola-poljane.splet.arnes.si\/index.php?rest_route=\/wp\/v2\/media\/15091"}],"wp:attachment":[{"href":"https:\/\/sola-poljane.splet.arnes.si\/index.php?rest_route=%2Fwp%2Fv2%2Fmedia&parent=15087"}],"wp:term":[{"taxonomy":"category","embeddable":true,"href":"https:\/\/sola-poljane.splet.arnes.si\/index.php?rest_route=%2Fwp%2Fv2%2Fcategories&post=15087"},{"taxonomy":"post_tag","embeddable":true,"href":"https:\/\/sola-poljane.splet.arnes.si\/index.php?rest_route=%2Fwp%2Fv2%2Ftags&post=15087"}],"curies":[{"name":"wp","href":"https:\/\/api.w.org\/{rel}","templated":true}]}}