{"id":14939,"date":"2019-10-10T22:07:53","date_gmt":"2019-10-10T20:07:53","guid":{"rendered":"http:\/\/sola-poljane.splet.arnes.si\/?p=14939"},"modified":"2020-09-07T13:42:16","modified_gmt":"2020-09-07T11:42:16","slug":"osmosolci-na-celjskem","status":"publish","type":"post","link":"https:\/\/sola-poljane.splet.arnes.si\/?p=14939","title":{"rendered":"Osmo\u0161olci na Celjskem"},"content":{"rendered":"<p><strong><span style=\"color: #ff6600\">Tak\u0161ne vtise so domov prinesli u\u010denke in u\u010denci 8. b &#8230;<\/span><\/strong><\/p>\n<p>&nbsp;<\/p>\n<p><strong><span style=\"color: #3366ff\">JAMA PEKEL<\/span><\/strong><\/p>\n<p>Jama Pekel so poimenovali po obliki skale nad vhodom, saj izgleda kot hudi\u010d. V jami je stalna temperatura 10\u00b0 C, ne glede na letni \u010das. Pozimi se zaradi temperaturne razlike kadi ven dim. Zaradi rednih nalivov de\u017eja je jama ve\u010dkrat poplavljena. Leta 1969 so jamo zaprli za \u0161ir\u0161o javnost in danes je mogo\u010d vstop samo z vodi\u010dem. V jami je 4-metrski slap. Edina \u017eiva bitja v jami so manj\u0161i netopirji in navadni poto\u010dni rakci.<\/p>\n<p>&nbsp;<\/p>\n<p><strong><span style=\"color: #3366ff\">CELJSKI GROFJE<\/span><\/strong><\/p>\n<p>Celjski grofje so zelo pomembni za slovensko zgodovino. V lasti so imeli mnogo posesti po Sloveniji in celo v drugih dr\u017eavah. Njihov sede\u017e je bil v Celju na dana\u0161njem Kne\u017ejem dvoru. Najpomembnej\u0161i iz rodbine Celjskih grofov so bili Herman, Barbara in Friderik. Zadnji predstavnik celjske rodbine je bil Friderikov sin Ulrih, ki so ga namenoma ubili v Beogradu. Herman si je celo \u017eivljenje prizadeval, da bi Celjski grofje postali knezi. To se je tudi zgodilo, in sicer eno leto po Hermanovi smrti. Po Ulrihovi smrti so zaradi pogodbe zapu\u0161\u010dino Celjskih grofov dobili Habsbur\u017eani. \u0160e danes imamo v znak pomembnosti Celjskih grofov v slovenskem grbu tri zvezde.<\/p>\n<p><em><strong>Barbara, Tinkara, Iza in Nika<\/strong><\/em><\/p>\n<p>&nbsp;<\/p>\n<p><strong><span style=\"color: #3366ff\">POTO\u010cKA ZIJALKA<\/span><\/strong><\/p>\n<p>V sredo, 9. oktobra, smo se odpravili na ekskurzijo. Izmed \u0161tirih zanimivosti, ki smo si jih ogledali, smo obiskali tudi Pokrajinski muzej Celje. Poleg zgodovinskih ostankov cest ter zidov smo si ogledali tudi razstavo o Poto\u010dki zijalki. Razstavljeni so bili predmeti, ki jih je na\u0161el in preu\u010dil Sre\u010dko Brodar. Predmeti iz Poto\u010dke zijalke nam povedo, da so v jami blizu Avstrije in Logarske doline v preteklosti ljudje izdelali veliko predmetov, ki se \u0161e danes uporabljajo na gospodinjskem in glasbenem podro\u010dju. To so razne pi\u0161\u010dali iz \u010deljusti jamskega medveda in \u0161ivanke. Razstavljeni pa so bili tudi drugi predmeti, kot so zgodovinski atlasi, knjige, priro\u010dniki \u2026 Zaradi lege Poto\u010dke zijalke so nekateri brez ustreznega dovoljenja stvari iz jame kradli in jih prodajali. Zato so tudi v nekaterih avstrijskih muzejih razstave o Poto\u010dki zijalki.<\/p>\n<p>&nbsp;<\/p>\nngg_shortcode_0_placeholder\n","protected":false},"excerpt":{"rendered":"<p>Tak\u0161ne vtise so domov prinesli u\u010denke in u\u010denci 8. b [&hellip;]<\/p>\n","protected":false},"author":56163,"featured_media":14943,"comment_status":"closed","ping_status":"open","sticky":false,"template":"","format":"standard","meta":{"ngg_post_thumbnail":0,"footnotes":""},"categories":[15,55],"tags":[],"class_list":["post-14939","post","type-post","status-publish","format-standard","has-post-thumbnail","hentry","category-dnevi-dejavnosti-2-triada","category-dogajanje"],"_links":{"self":[{"href":"https:\/\/sola-poljane.splet.arnes.si\/index.php?rest_route=\/wp\/v2\/posts\/14939","targetHints":{"allow":["GET"]}}],"collection":[{"href":"https:\/\/sola-poljane.splet.arnes.si\/index.php?rest_route=\/wp\/v2\/posts"}],"about":[{"href":"https:\/\/sola-poljane.splet.arnes.si\/index.php?rest_route=\/wp\/v2\/types\/post"}],"author":[{"embeddable":true,"href":"https:\/\/sola-poljane.splet.arnes.si\/index.php?rest_route=\/wp\/v2\/users\/56163"}],"replies":[{"embeddable":true,"href":"https:\/\/sola-poljane.splet.arnes.si\/index.php?rest_route=%2Fwp%2Fv2%2Fcomments&post=14939"}],"version-history":[{"count":2,"href":"https:\/\/sola-poljane.splet.arnes.si\/index.php?rest_route=\/wp\/v2\/posts\/14939\/revisions"}],"predecessor-version":[{"id":14945,"href":"https:\/\/sola-poljane.splet.arnes.si\/index.php?rest_route=\/wp\/v2\/posts\/14939\/revisions\/14945"}],"wp:featuredmedia":[{"embeddable":true,"href":"https:\/\/sola-poljane.splet.arnes.si\/index.php?rest_route=\/wp\/v2\/media\/14943"}],"wp:attachment":[{"href":"https:\/\/sola-poljane.splet.arnes.si\/index.php?rest_route=%2Fwp%2Fv2%2Fmedia&parent=14939"}],"wp:term":[{"taxonomy":"category","embeddable":true,"href":"https:\/\/sola-poljane.splet.arnes.si\/index.php?rest_route=%2Fwp%2Fv2%2Fcategories&post=14939"},{"taxonomy":"post_tag","embeddable":true,"href":"https:\/\/sola-poljane.splet.arnes.si\/index.php?rest_route=%2Fwp%2Fv2%2Ftags&post=14939"}],"curies":[{"name":"wp","href":"https:\/\/api.w.org\/{rel}","templated":true}]}}