{"id":14881,"date":"2019-10-06T15:55:14","date_gmt":"2019-10-06T13:55:14","guid":{"rendered":"http:\/\/sola-poljane.splet.arnes.si\/?p=14881"},"modified":"2020-09-07T13:42:16","modified_gmt":"2020-09-07T11:42:16","slug":"drzavno-prvenstvo-v-orientacijskem-teku-maribor-2019","status":"publish","type":"post","link":"https:\/\/sola-poljane.splet.arnes.si\/?p=14881","title":{"rendered":"Dr\u017eavno prvenstvo v orientacijskem teku, Maribor 2019"},"content":{"rendered":"<p>V \u010detrtek, 3. oktobra 2019, je v Mariboru potekalo <strong><span style=\"color: #0000ff\">dr\u017eavno tekmovanje v orientacijskem teku za osnovne in srednje \u0161ole<\/span>.<\/strong> Tekmovanja se je tokrat udele\u017eilo preko 20 osnovnih \u0161ol in \u0161e nekaj srednjih \u0161ol. Tako kot v preteklosti je bilo tudi letos na \u0161tartu ve\u010d kot 300 u\u010dencev. Uspe\u0161ni smo bili tudi letos, saj je <strong><span style=\"color: #0000ff\">David Kri\u017enar<\/span><\/strong> v kategoriji B dosegel 3. mesto.<\/p>\n<p>Letos je bilo najbolj vro\u010de v <span style=\"color: #0000ff\"><strong>kategoriji B,<\/strong><\/span> ki jo sestavljajo u\u010denke in u\u010denci 6. in 7. razreda. Tekmovalo je \u010dez 60 tekmovalcev in preko 40 tekmovalk, zato je bila proga speljana v razli\u010dne smeri. S tem se prepre\u010di skupno iskanje to\u010dk. Tekmovali smo \u0161e v <strong><span style=\"color: #0000ff\">kategoriji C,<\/span><\/strong> ki so jo sestavljali u\u010denke in u\u010denci 8. in 9. razreda. Tudi ta skupina je bila zelo \u0161tevil\u010dna.<\/p>\n<p>Razmere za tekmovanje so bile odli\u010dne. Teren, na katerem je potekala proga, je bil podoben na\u0161emu doma\u010demu terenu z nekaj odprtega terena in veliko potmi, ki so se vile skozi gozd. Tu pa tam pa so bili \u0161e posebni objekti glede na to, da smo se orientirali pod Pohorjem.<\/p>\n<p><span style=\"color: #0000ff\">In kako je \u0161lo na\u0161i ekipi?<\/span><\/p>\n<p>Med u\u010denci <span style=\"color: #0000ff\"><span style=\"color: #000000\">v<\/span><strong> kategoriji B <\/strong><\/span>je bil najbolj\u0161i <span style=\"color: #0000ff\">David Kri\u017enar<\/span> s 3. mestom. To je bila tudi na\u0161a najbolj\u0161a uvrstitev. Sledil mu je <span style=\"color: #0000ff\">Dominik Pisk<\/span> s 16. mestom. <span style=\"color: #0000ff\">Jan Dem\u0161ar<\/span> je zasedel 31. mesto, <span style=\"color: #0000ff\">Miha Dolenc<\/span> 39. mesto in <span style=\"color: #0000ff\">Timotej Kos<\/span> 61. mesto. <span style=\"color: #0000ff\">Bla\u017e \u0160ubic<\/span> je bil na \u017ealost diskvalificiran. <span style=\"color: #000000\">V<\/span><strong><span style=\"color: #0000ff\"> kategoriji C<\/span><\/strong> je na\u0161o \u0161olo zastopal <span style=\"color: #0000ff\">Jakob Pisk<\/span> in se je uvrstil na 11. mesto.<\/p>\n<p>Med u\u010denkami v <strong><span style=\"color: #0000ff\">kategoriji C<\/span><\/strong> je bila najbolje uvr\u0161\u010dena <span style=\"color: #0000ff\">Anja Luznar<\/span>, in sicer na 10. mestu. Takoj za njo je bila <span style=\"color: #0000ff\">Manca Stanonik<\/span> na 12. mestu. V <strong><span style=\"color: #0000ff\">kategoriji B<\/span><\/strong> pa je bila najbolje uvr\u0161\u010dena <span style=\"color: #0000ff\">Brina Frlan<\/span>, in sicer na 14. mesto, <span style=\"color: #0000ff\">Lu\u010dka Ficko<\/span> pa je zasedla 23. mesto.<br \/>\nEkipno smo se najbolje uvrstili v<strong><span style=\"color: #0000ff\"> kategoriji B \u2013 u\u010denci<\/span><\/strong>, in sicer na 5. mesto. Kot \u0161ola smo zasedli <strong><span style=\"color: #0000ff\">skupno 6. mesto<\/span><\/strong>.<\/p>\n<p>Pohvalim lahko vse sodelujo\u010de za uvrstitve in odlo\u010dnost za nastop.<\/p>\n<p><span style=\"color: #3366ff\"><strong>Vabim tudi vse, ki vas zanima orientacijski tek, da se nam pridru\u017eite!<\/strong><\/span><\/p>\n<p>&nbsp;<\/p>\n<p><em><strong>Mentor: Ale\u0161 Mrak<\/strong><\/em><\/p>\n<p>&nbsp;<\/p>\nngg_shortcode_0_placeholder\n","protected":false},"excerpt":{"rendered":"<p>V \u010detrtek, 3. oktobra 2019, je v Mariboru potekalo dr\u017eavno [&hellip;]<\/p>\n","protected":false},"author":56163,"featured_media":14885,"comment_status":"closed","ping_status":"open","sticky":false,"template":"","format":"standard","meta":{"ngg_post_thumbnail":0,"footnotes":""},"categories":[55,59],"tags":[],"class_list":["post-14881","post","type-post","status-publish","format-standard","has-post-thumbnail","hentry","category-dogajanje","category-sportna-tekmovanja"],"_links":{"self":[{"href":"https:\/\/sola-poljane.splet.arnes.si\/index.php?rest_route=\/wp\/v2\/posts\/14881","targetHints":{"allow":["GET"]}}],"collection":[{"href":"https:\/\/sola-poljane.splet.arnes.si\/index.php?rest_route=\/wp\/v2\/posts"}],"about":[{"href":"https:\/\/sola-poljane.splet.arnes.si\/index.php?rest_route=\/wp\/v2\/types\/post"}],"author":[{"embeddable":true,"href":"https:\/\/sola-poljane.splet.arnes.si\/index.php?rest_route=\/wp\/v2\/users\/56163"}],"replies":[{"embeddable":true,"href":"https:\/\/sola-poljane.splet.arnes.si\/index.php?rest_route=%2Fwp%2Fv2%2Fcomments&post=14881"}],"version-history":[{"count":4,"href":"https:\/\/sola-poljane.splet.arnes.si\/index.php?rest_route=\/wp\/v2\/posts\/14881\/revisions"}],"predecessor-version":[{"id":14891,"href":"https:\/\/sola-poljane.splet.arnes.si\/index.php?rest_route=\/wp\/v2\/posts\/14881\/revisions\/14891"}],"wp:featuredmedia":[{"embeddable":true,"href":"https:\/\/sola-poljane.splet.arnes.si\/index.php?rest_route=\/wp\/v2\/media\/14885"}],"wp:attachment":[{"href":"https:\/\/sola-poljane.splet.arnes.si\/index.php?rest_route=%2Fwp%2Fv2%2Fmedia&parent=14881"}],"wp:term":[{"taxonomy":"category","embeddable":true,"href":"https:\/\/sola-poljane.splet.arnes.si\/index.php?rest_route=%2Fwp%2Fv2%2Fcategories&post=14881"},{"taxonomy":"post_tag","embeddable":true,"href":"https:\/\/sola-poljane.splet.arnes.si\/index.php?rest_route=%2Fwp%2Fv2%2Ftags&post=14881"}],"curies":[{"name":"wp","href":"https:\/\/api.w.org\/{rel}","templated":true}]}}