{"id":14775,"date":"2019-09-29T21:06:49","date_gmt":"2019-09-29T19:06:49","guid":{"rendered":"http:\/\/sola-poljane.splet.arnes.si\/?p=14775"},"modified":"2020-09-14T06:33:41","modified_gmt":"2020-09-14T04:33:41","slug":"unesco-srecanje-v-slovenj-gradcu","status":"publish","type":"post","link":"https:\/\/sola-poljane.splet.arnes.si\/?p=14775","title":{"rendered":"Unesco sre\u010danje v Slovenj Gradcu"},"content":{"rendered":"<p>V petek, 20. septembra 2019, je v Slovenj Gradcu potekalo sre\u010danje predstavnikov Unesco \u0161ol in vrtcev. Vseslovensko sre\u010danje, ki \u017ee tradicionalno poteka ob svetovnem dnevu miru (letos sicer dan prej), je prilo\u017enost za otroke in mentorje, da se sre\u010dajo, dru\u017eijo in izmenjajo izku\u0161nje. Letos so se organizatorji &#8211; Prva osnovna \u0161ola Slovenj Gradec &#8211; \u0161e posebej potrudili z organizacijo delavnic, ki so potekale po vsem mestu in v katere so bile kot izvajalci vklju\u010dene razli\u010dne krajevne organizacije. Takole so svoje vtise strnile na\u0161e deveto\u0161olke Ema, Manca in Metka, ki so ta dan vstale \u017ee pred peto zjutraj, saj je\u00a0Koro\u0161ka za nas kar dale\u010d!<\/p>\n<p>V Slovenj Gradcu smo si najprej ogledali predstavo, ki jo je pripravila tamkaj\u0161nja osnovna \u0161ola. Potem smo se razdelili po delavnicah: Ema in Metka sva od\u0161li na delavnico o zdravem na\u010dinu \u017eivljenja, Manca pa je izdelovala leseno gajbico. Bilo je zelo zanimivo pa tudi kaj novega smo se nau\u010dile. Po kon\u010danih delavnicah smo od\u0161li v mesto in tam zaplesali. Bilo je lepo in pou\u010dno, spoznale pa smo tudi nekaj novih ljudi.<\/p>\n<p>&nbsp;<\/p>\n","protected":false},"excerpt":{"rendered":"<p>V petek, 20. septembra 2019, je v Slovenj Gradcu potekalo [&hellip;]<\/p>\n","protected":false},"author":54451,"featured_media":14779,"comment_status":"closed","ping_status":"open","sticky":false,"template":"","format":"standard","meta":{"ngg_post_thumbnail":0,"footnotes":""},"categories":[55,61],"tags":[],"class_list":["post-14775","post","type-post","status-publish","format-standard","has-post-thumbnail","hentry","category-dogajanje","category-unesco"],"_links":{"self":[{"href":"https:\/\/sola-poljane.splet.arnes.si\/index.php?rest_route=\/wp\/v2\/posts\/14775","targetHints":{"allow":["GET"]}}],"collection":[{"href":"https:\/\/sola-poljane.splet.arnes.si\/index.php?rest_route=\/wp\/v2\/posts"}],"about":[{"href":"https:\/\/sola-poljane.splet.arnes.si\/index.php?rest_route=\/wp\/v2\/types\/post"}],"author":[{"embeddable":true,"href":"https:\/\/sola-poljane.splet.arnes.si\/index.php?rest_route=\/wp\/v2\/users\/54451"}],"replies":[{"embeddable":true,"href":"https:\/\/sola-poljane.splet.arnes.si\/index.php?rest_route=%2Fwp%2Fv2%2Fcomments&post=14775"}],"version-history":[{"count":1,"href":"https:\/\/sola-poljane.splet.arnes.si\/index.php?rest_route=\/wp\/v2\/posts\/14775\/revisions"}],"predecessor-version":[{"id":14777,"href":"https:\/\/sola-poljane.splet.arnes.si\/index.php?rest_route=\/wp\/v2\/posts\/14775\/revisions\/14777"}],"wp:featuredmedia":[{"embeddable":true,"href":"https:\/\/sola-poljane.splet.arnes.si\/index.php?rest_route=\/wp\/v2\/media\/14779"}],"wp:attachment":[{"href":"https:\/\/sola-poljane.splet.arnes.si\/index.php?rest_route=%2Fwp%2Fv2%2Fmedia&parent=14775"}],"wp:term":[{"taxonomy":"category","embeddable":true,"href":"https:\/\/sola-poljane.splet.arnes.si\/index.php?rest_route=%2Fwp%2Fv2%2Fcategories&post=14775"},{"taxonomy":"post_tag","embeddable":true,"href":"https:\/\/sola-poljane.splet.arnes.si\/index.php?rest_route=%2Fwp%2Fv2%2Ftags&post=14775"}],"curies":[{"name":"wp","href":"https:\/\/api.w.org\/{rel}","templated":true}]}}