{"id":14695,"date":"2019-09-23T22:28:27","date_gmt":"2019-09-23T20:28:27","guid":{"rendered":"http:\/\/sola-poljane.splet.arnes.si\/?p=14695"},"modified":"2020-09-07T13:42:28","modified_gmt":"2020-09-07T11:42:28","slug":"prvi-sportni-dan-za-drugosolce","status":"publish","type":"post","link":"https:\/\/sola-poljane.splet.arnes.si\/?p=14695","title":{"rendered":"Prvi \u0161portni dan za drugo\u0161olce"},"content":{"rendered":"<p>Izkoristili smo ugodno vremensko napoved in z drugo\u0161olci v petek, 20. 9. 2019, izvedli \u0161portni dan. Tako kot vsako leto smo tudi letos v okviru jesenskega pohoda osvojili <strong><span style=\"color: #008000\">Goro nad Malenskim Vrhom<\/span><\/strong> in v spomin \u0161portnega novinarja Staneta Ureka na cilju poleg malice \u0161e malo potelovadili, nato pa se po drugi poti vrnili v Malenski Vrh, kjer so nas \u010dakali kombiji. Pohod \u0161teje tudi za eno izmed nalog za \u0161portni program Zlati son\u010dek. Ko smo se vra\u010dali, nas je Metina mama pri\u010dakala \u0161e s toplimi in lepo di\u0161e\u010dimi flancati. Ja, to se zgodi vedno, kadar njen vnuk ali vnukinja pride mimo s svojim razredom.<\/p>\n<p><em><strong>Irma \u010cade\u017e, vodja \u0160D<\/strong><\/em><\/p>\n<p>&nbsp;<\/p>\nngg_shortcode_0_placeholder\n","protected":false},"excerpt":{"rendered":"<p>Izkoristili smo ugodno vremensko napoved in z drugo\u0161olci v petek, [&hellip;]<\/p>\n","protected":false},"author":56163,"featured_media":14699,"comment_status":"closed","ping_status":"open","sticky":false,"template":"","format":"standard","meta":{"ngg_post_thumbnail":0,"footnotes":""},"categories":[33,7,55],"tags":[],"class_list":["post-14695","post","type-post","status-publish","format-standard","has-post-thumbnail","hentry","category-1-triletje","category-dnevi-dejavnosti","category-dogajanje"],"_links":{"self":[{"href":"https:\/\/sola-poljane.splet.arnes.si\/index.php?rest_route=\/wp\/v2\/posts\/14695","targetHints":{"allow":["GET"]}}],"collection":[{"href":"https:\/\/sola-poljane.splet.arnes.si\/index.php?rest_route=\/wp\/v2\/posts"}],"about":[{"href":"https:\/\/sola-poljane.splet.arnes.si\/index.php?rest_route=\/wp\/v2\/types\/post"}],"author":[{"embeddable":true,"href":"https:\/\/sola-poljane.splet.arnes.si\/index.php?rest_route=\/wp\/v2\/users\/56163"}],"replies":[{"embeddable":true,"href":"https:\/\/sola-poljane.splet.arnes.si\/index.php?rest_route=%2Fwp%2Fv2%2Fcomments&post=14695"}],"version-history":[{"count":2,"href":"https:\/\/sola-poljane.splet.arnes.si\/index.php?rest_route=\/wp\/v2\/posts\/14695\/revisions"}],"predecessor-version":[{"id":14701,"href":"https:\/\/sola-poljane.splet.arnes.si\/index.php?rest_route=\/wp\/v2\/posts\/14695\/revisions\/14701"}],"wp:featuredmedia":[{"embeddable":true,"href":"https:\/\/sola-poljane.splet.arnes.si\/index.php?rest_route=\/wp\/v2\/media\/14699"}],"wp:attachment":[{"href":"https:\/\/sola-poljane.splet.arnes.si\/index.php?rest_route=%2Fwp%2Fv2%2Fmedia&parent=14695"}],"wp:term":[{"taxonomy":"category","embeddable":true,"href":"https:\/\/sola-poljane.splet.arnes.si\/index.php?rest_route=%2Fwp%2Fv2%2Fcategories&post=14695"},{"taxonomy":"post_tag","embeddable":true,"href":"https:\/\/sola-poljane.splet.arnes.si\/index.php?rest_route=%2Fwp%2Fv2%2Ftags&post=14695"}],"curies":[{"name":"wp","href":"https:\/\/api.w.org\/{rel}","templated":true}]}}