{"id":14427,"date":"2019-09-06T05:49:19","date_gmt":"2019-09-06T03:49:19","guid":{"rendered":"http:\/\/sola-poljane.splet.arnes.si\/?p=14427"},"modified":"2019-09-13T05:17:56","modified_gmt":"2019-09-13T03:17:56","slug":"sola-v-naravi-za-ucence-5-razreda","status":"publish","type":"post","link":"https:\/\/sola-poljane.splet.arnes.si\/?p=14427","title":{"rendered":"\u0160ola v naravi za u\u010dence 5. razreda"},"content":{"rendered":"<p style=\"text-align: center\">***** 1. dan *****<\/p>\n<p>Prvi \u0161olski dan smo pre\u017eiveli malo druga\u010de kot ve\u010dina u\u010dencev. Ogledali smo si Luko Koper, se kopali, spoznavali nove stvari, se u\u010dili, dru\u017eili, skratka, prvi dan smo pre\u017eiveli zelo lepo. Kratko poslab\u0161anje vremena nas ni zmedlo, z delom smo nadaljevali v u\u010dilnici,\u00a0 plavanje pa smo prestavili na ve\u010derni \u010das. Vmes smo imeli \u0161e kosilo in ve\u010derjo. \u010cas pred spanjem pa smo izkoristili \u0161e za hitro u\u010denje obe\u0161anja mokrih kopalk in brisa\u010d. Sledila je \u0161e pravljica in zaslu\u017een po\u010ditek po napornem delu v bazenu.<\/p>\nngg_shortcode_0_placeholder\n<p style=\"text-align: center\">***** 2. dan *****<\/p>\n<p style=\"text-align: left\">Super, poletje se je vrnilo. Po kratkem poslab\u0161anju vremena smo dopoldanski del plavanja izpeljali \u0161e v notranjem bazenu, popoldan pa smo \u017ee \u0161li na zunanji bazen. Obalo smo tokrat izkoristili za pouk v naravi. Utrujenost se je \u017ee za\u010dela pojavljati, zato je po obilnem kosilu \u0161e kako prav pri\u0161el popoldanski po\u010ditek z dru\u017eenjem v sobah in s prijatelji. Po besedah nekaterih u\u010dencev bi lahko po\u010ditek kar trajal, a je sledilo popoldansko plavanje v \u0161e vedno topli vodi. Zaradi vetra pa je bilo bolje biti v vodi kot pa izven nje. Po plavanju smo izkoristili \u010das \u0161e za eno u\u010dno uro in sledila je ve\u010derja in \u0161portne aktivnosti, nogomet, odbojka igre in raziskovanje obale. Zadnji son\u010dni \u017earki so napovedovali konec \u0161e enega uspe\u0161nega dneva in \u010das, ko bo potrebno kmalu v posteljo prisluhniti pravljici.<\/p>\n<p style=\"text-align: left\">\u00a0ngg_shortcode_1_placeholder<\/p>\n<p style=\"text-align: center\">***** 3. dan *****<\/p>\n<p style=\"text-align: left\">Za nami je \u0161e en pester dan. Glede na ugodne razmere smo se odlo\u010dili, da se preizkusimo tudi v veslanju. Po jutranji telovadbi in ogledu parka z vrtnarko Nata\u0161o smo \u010das po kosilu izkoristili za u\u010denje veslanja. Prvi dve skupini sta to opravili danes, jutri pa prideta na vrsto \u0161e drugi dve skupini. Vsi u\u010denci so zelo hitro razumeli, kako je potrebno uporabljati veslo, da se premika\u0161 v \u017eeljeno smer in tako smo naredili nekaj zaveslajev okoli kopali\u0161\u010da. Popoldanski del smo izkoristili za plavanje in u\u017eivanje na soncu. Po ve\u010derji smo izvedli \u0161e kraj\u0161i sprehod na vzpetino v okolici Debelega Rti\u010da in \u0161e iz te perspektive spoznali \u0161ir\u0161o okolico. Zahajajo\u010de sonce je na nebo pri\u010daralo neverjetne barve in tako smo po\u010dasi zaklju\u010dili dokaj naporen dan.<\/p>\n<p style=\"text-align: left\">\u00a0ngg_shortcode_2_placeholder<\/p>\n<p style=\"text-align: center\">***** 4. dan *****<\/p>\n<p style=\"text-align: center\"><img loading=\"lazy\" decoding=\"async\" class=\"alignnone size-full wp-image-14473\" src=\"http:\/\/sola-poljane.splet.arnes.si\/files\/2019\/09\/\u0160N_5r_2020_4.jpg\" alt=\"\" width=\"923\" height=\"324\" srcset=\"https:\/\/sola-poljane.splet.arnes.si\/files\/2019\/09\/\u0160N_5r_2020_4.jpg 923w, https:\/\/sola-poljane.splet.arnes.si\/files\/2019\/09\/\u0160N_5r_2020_4-300x105.jpg 300w, https:\/\/sola-poljane.splet.arnes.si\/files\/2019\/09\/\u0160N_5r_2020_4-768x270.jpg 768w, https:\/\/sola-poljane.splet.arnes.si\/files\/2019\/09\/\u0160N_5r_2020_4-157x55.jpg 157w, https:\/\/sola-poljane.splet.arnes.si\/files\/2019\/09\/\u0160N_5r_2020_4-624x219.jpg 624w\" sizes=\"auto, (max-width: 923px) 100vw, 923px\" \/><\/p>\n<p style=\"text-align: center\">ngg_shortcode_3_placeholder<\/p>\n<p style=\"text-align: center\">***** 5. dan *****<\/p>\n<p style=\"text-align: left\">ngg_shortcode_4_placeholder<\/p>\n","protected":false},"excerpt":{"rendered":"<p>***** 1. dan ***** Prvi \u0161olski dan smo pre\u017eiveli malo [&hellip;]<\/p>\n","protected":false},"author":1973,"featured_media":14433,"comment_status":"closed","ping_status":"open","sticky":false,"template":"","format":"standard","meta":{"ngg_post_thumbnail":0,"footnotes":""},"categories":[35,55],"tags":[],"class_list":["post-14427","post","type-post","status-publish","format-standard","has-post-thumbnail","hentry","category-2-triletje","category-dogajanje"],"_links":{"self":[{"href":"https:\/\/sola-poljane.splet.arnes.si\/index.php?rest_route=\/wp\/v2\/posts\/14427","targetHints":{"allow":["GET"]}}],"collection":[{"href":"https:\/\/sola-poljane.splet.arnes.si\/index.php?rest_route=\/wp\/v2\/posts"}],"about":[{"href":"https:\/\/sola-poljane.splet.arnes.si\/index.php?rest_route=\/wp\/v2\/types\/post"}],"author":[{"embeddable":true,"href":"https:\/\/sola-poljane.splet.arnes.si\/index.php?rest_route=\/wp\/v2\/users\/1973"}],"replies":[{"embeddable":true,"href":"https:\/\/sola-poljane.splet.arnes.si\/index.php?rest_route=%2Fwp%2Fv2%2Fcomments&post=14427"}],"version-history":[{"count":9,"href":"https:\/\/sola-poljane.splet.arnes.si\/index.php?rest_route=\/wp\/v2\/posts\/14427\/revisions"}],"predecessor-version":[{"id":14561,"href":"https:\/\/sola-poljane.splet.arnes.si\/index.php?rest_route=\/wp\/v2\/posts\/14427\/revisions\/14561"}],"wp:featuredmedia":[{"embeddable":true,"href":"https:\/\/sola-poljane.splet.arnes.si\/index.php?rest_route=\/wp\/v2\/media\/14433"}],"wp:attachment":[{"href":"https:\/\/sola-poljane.splet.arnes.si\/index.php?rest_route=%2Fwp%2Fv2%2Fmedia&parent=14427"}],"wp:term":[{"taxonomy":"category","embeddable":true,"href":"https:\/\/sola-poljane.splet.arnes.si\/index.php?rest_route=%2Fwp%2Fv2%2Fcategories&post=14427"},{"taxonomy":"post_tag","embeddable":true,"href":"https:\/\/sola-poljane.splet.arnes.si\/index.php?rest_route=%2Fwp%2Fv2%2Ftags&post=14427"}],"curies":[{"name":"wp","href":"https:\/\/api.w.org\/{rel}","templated":true}]}}