{"id":14305,"date":"2019-06-11T06:20:22","date_gmt":"2019-06-11T04:20:22","guid":{"rendered":"http:\/\/sola-poljane.splet.arnes.si\/?p=14305"},"modified":"2020-09-07T13:42:29","modified_gmt":"2020-09-07T11:42:29","slug":"naravoslovni-dan-o-lovstvu","status":"publish","type":"post","link":"https:\/\/sola-poljane.splet.arnes.si\/?p=14305","title":{"rendered":"Naravoslovni dan o lovstvu"},"content":{"rendered":"<p>V \u010detrtek, 6. junija, so u\u010denci 2. razreda imeli naravoslovni dan. Preko dopoldneva so se dru\u017eili s \u010dlanoma Lovske dru\u017eine Poljane.<br \/>\nLovec Lado jim je predstavil celo vrsto naga\u010denih \u017eivali, o njih povedal nekaj zna\u010dilnosti in posebnosti.<br \/>\nEdina lovka Lovske dru\u017eine Poljane, ga. Sely, jim je predstavila lovsko obleko in del opreme, ki ne sme manjkati v lovskem nahrbtniku, povedala nekaj o najpogostej\u0161ih boleznih divjih \u017eivali in hkrati opozorila na primerno ravnanje z \u017eivalmi, ki jih sre\u010dujemo v gozdu.<\/p>\n<p>Naravoslovni dan je potekal na \u010ceteni Ravni na kmetiji Pr\u00b4 O\u017ebet&#8217; in Pr&#8217; Dav\u010den&#8217;, kjer so nam prijazno odstopili prostor, da smo naravoslovni dan sploh lahko izpeljali.<\/p>\n<p><em><strong>Irma \u010cade\u017e, vodja ND<\/strong><\/em><\/p>\n<p>&nbsp;<\/p>\n<p><strong><span style=\"color: #0000ff\">1. skupina<\/span><\/strong><\/p>\nngg_shortcode_0_placeholder\n<p>&nbsp;<\/p>\n<p><strong><span style=\"color: #0000ff\">2. skupina<\/span><\/strong><\/p>\nngg_shortcode_1_placeholder\n","protected":false},"excerpt":{"rendered":"<p>V \u010detrtek, 6. junija, so u\u010denci 2. razreda imeli naravoslovni [&hellip;]<\/p>\n","protected":false},"author":56163,"featured_media":14311,"comment_status":"closed","ping_status":"open","sticky":false,"template":"","format":"standard","meta":{"ngg_post_thumbnail":0,"footnotes":""},"categories":[7,55],"tags":[],"class_list":["post-14305","post","type-post","status-publish","format-standard","has-post-thumbnail","hentry","category-dnevi-dejavnosti","category-dogajanje"],"_links":{"self":[{"href":"https:\/\/sola-poljane.splet.arnes.si\/index.php?rest_route=\/wp\/v2\/posts\/14305","targetHints":{"allow":["GET"]}}],"collection":[{"href":"https:\/\/sola-poljane.splet.arnes.si\/index.php?rest_route=\/wp\/v2\/posts"}],"about":[{"href":"https:\/\/sola-poljane.splet.arnes.si\/index.php?rest_route=\/wp\/v2\/types\/post"}],"author":[{"embeddable":true,"href":"https:\/\/sola-poljane.splet.arnes.si\/index.php?rest_route=\/wp\/v2\/users\/56163"}],"replies":[{"embeddable":true,"href":"https:\/\/sola-poljane.splet.arnes.si\/index.php?rest_route=%2Fwp%2Fv2%2Fcomments&post=14305"}],"version-history":[{"count":3,"href":"https:\/\/sola-poljane.splet.arnes.si\/index.php?rest_route=\/wp\/v2\/posts\/14305\/revisions"}],"predecessor-version":[{"id":14313,"href":"https:\/\/sola-poljane.splet.arnes.si\/index.php?rest_route=\/wp\/v2\/posts\/14305\/revisions\/14313"}],"wp:featuredmedia":[{"embeddable":true,"href":"https:\/\/sola-poljane.splet.arnes.si\/index.php?rest_route=\/wp\/v2\/media\/14311"}],"wp:attachment":[{"href":"https:\/\/sola-poljane.splet.arnes.si\/index.php?rest_route=%2Fwp%2Fv2%2Fmedia&parent=14305"}],"wp:term":[{"taxonomy":"category","embeddable":true,"href":"https:\/\/sola-poljane.splet.arnes.si\/index.php?rest_route=%2Fwp%2Fv2%2Fcategories&post=14305"},{"taxonomy":"post_tag","embeddable":true,"href":"https:\/\/sola-poljane.splet.arnes.si\/index.php?rest_route=%2Fwp%2Fv2%2Ftags&post=14305"}],"curies":[{"name":"wp","href":"https:\/\/api.w.org\/{rel}","templated":true}]}}