{"id":14091,"date":"2019-06-17T22:23:21","date_gmt":"2019-06-17T20:23:21","guid":{"rendered":"http:\/\/sola-poljane.splet.arnes.si\/?p=14091"},"modified":"2020-09-07T13:42:28","modified_gmt":"2020-09-07T11:42:28","slug":"drugosolci-na-brda-2","status":"publish","type":"post","link":"https:\/\/sola-poljane.splet.arnes.si\/?p=14091","title":{"rendered":"Drugo\u0161olci na Brda"},"content":{"rendered":"<p>V vro\u010dem juniju smo odhiteli \u0161e na zadnji pohod v leto\u0161njem \u0161olskem letu. Od\u0161li smo <strong><span style=\"color: #ff6600\">na Brda<\/span><\/strong>, kjer smo na poti opazovali doma\u010do pokrajino. Pot smo za\u010deli skozi \u00bbDobensko Ameriko\u00ab. Med potjo smo se vpisali kar v dve vpisni knjigi. Na \u00bbGlavci\u00ab smo napolnili \u017eelod\u010dke. Nato smo od\u0161li proti Svetemu Kri\u017eu, kjer so se u\u010denci 2. a pomerili v \u0161tafetnih tekih z u\u010denci 2. b. Malce hitrej\u0161i so bili u\u010denci 2. b razreda. Pot smo nato zaklju\u010dili pred vhodom v \u0161olo, kjer smo staknili roke in si \u010destitali ob uspe\u0161no opravljeni nalogi za \u0161portni program Zlati son\u010dek.<\/p>\n<p><strong><em>Maja Tr\u010dek<\/em><\/strong><\/p>\n<p>&nbsp;<\/p>\nngg_shortcode_0_placeholder\n","protected":false},"excerpt":{"rendered":"<p>V vro\u010dem juniju smo odhiteli \u0161e na zadnji pohod v [&hellip;]<\/p>\n","protected":false},"author":56163,"featured_media":14097,"comment_status":"closed","ping_status":"open","sticky":false,"template":"","format":"standard","meta":{"ngg_post_thumbnail":0,"footnotes":""},"categories":[7,55],"tags":[],"class_list":["post-14091","post","type-post","status-publish","format-standard","has-post-thumbnail","hentry","category-dnevi-dejavnosti","category-dogajanje"],"_links":{"self":[{"href":"https:\/\/sola-poljane.splet.arnes.si\/index.php?rest_route=\/wp\/v2\/posts\/14091","targetHints":{"allow":["GET"]}}],"collection":[{"href":"https:\/\/sola-poljane.splet.arnes.si\/index.php?rest_route=\/wp\/v2\/posts"}],"about":[{"href":"https:\/\/sola-poljane.splet.arnes.si\/index.php?rest_route=\/wp\/v2\/types\/post"}],"author":[{"embeddable":true,"href":"https:\/\/sola-poljane.splet.arnes.si\/index.php?rest_route=\/wp\/v2\/users\/56163"}],"replies":[{"embeddable":true,"href":"https:\/\/sola-poljane.splet.arnes.si\/index.php?rest_route=%2Fwp%2Fv2%2Fcomments&post=14091"}],"version-history":[{"count":3,"href":"https:\/\/sola-poljane.splet.arnes.si\/index.php?rest_route=\/wp\/v2\/posts\/14091\/revisions"}],"predecessor-version":[{"id":14099,"href":"https:\/\/sola-poljane.splet.arnes.si\/index.php?rest_route=\/wp\/v2\/posts\/14091\/revisions\/14099"}],"wp:featuredmedia":[{"embeddable":true,"href":"https:\/\/sola-poljane.splet.arnes.si\/index.php?rest_route=\/wp\/v2\/media\/14097"}],"wp:attachment":[{"href":"https:\/\/sola-poljane.splet.arnes.si\/index.php?rest_route=%2Fwp%2Fv2%2Fmedia&parent=14091"}],"wp:term":[{"taxonomy":"category","embeddable":true,"href":"https:\/\/sola-poljane.splet.arnes.si\/index.php?rest_route=%2Fwp%2Fv2%2Fcategories&post=14091"},{"taxonomy":"post_tag","embeddable":true,"href":"https:\/\/sola-poljane.splet.arnes.si\/index.php?rest_route=%2Fwp%2Fv2%2Ftags&post=14091"}],"curies":[{"name":"wp","href":"https:\/\/api.w.org\/{rel}","templated":true}]}}