{"id":13907,"date":"2019-06-12T10:40:04","date_gmt":"2019-06-12T08:40:04","guid":{"rendered":"http:\/\/sola-poljane.splet.arnes.si\/?p=13907"},"modified":"2020-09-07T13:42:29","modified_gmt":"2020-09-07T11:42:29","slug":"sedmosolci-v-soli-v-naravi","status":"publish","type":"post","link":"https:\/\/sola-poljane.splet.arnes.si\/?p=13907","title":{"rendered":"\u0160ola v naravi za u\u010dence 7. razreda"},"content":{"rendered":"<p>&nbsp;<\/p>\n<p><strong><span style=\"color: #0000ff\">1. dan\u00a0\u2013 PONEDELJEK, 10. 6. 2019<\/span><\/strong><\/p>\n<p>Sre\u010dno smo prispeli, se namestili po sobah in pojedli kosilo. Po kratkem po\u010ditku smo se sprehodili do slapa Ne\u017eica. Kljub vro\u010dini nam ni bilo hudega, saj je pot vodila skozi gozd, v re\u010dici pa smo lahko tudi malo namo\u010dili noge. Triurni hoji je sledila ve\u010derja, potem pa obisk lon\u010darske delavnice v sosednji vasi.<\/p>\nngg_shortcode_0_placeholder\nngg_shortcode_1_placeholder\n<p><span style=\"color: #0000ff\"><strong>2. dan\u00a0\u2013 TOREK, 11. 6. 2019<\/strong><\/span><\/p>\n<p><span style=\"color: #000000\">Dopoldne je bilo namenjeno spoznavanju adrenalinskega parka, na katerem smo izvedli tudi hitrostno tekmo, ter odkrivanju \u017eivljenja ob vodi. \u017divalce in rastline, ki smo jih na\u0161li, smo v u\u010dilnici opazovali pod mikroskopi. Popoldne je bil na urniku dolg pohod ob Kolpi. Ves \u010das smo hodili ob visoki ograji, oviti z bode\u010do \u017eico. Ve\u010derna nevihta nam ni pokvarila dobrega razpolo\u017eenja: \u0161portne igre smo namesto zunaj imeli v telovadnici.\u00a0<\/span><\/p>\nngg_shortcode_2_placeholder\n<p><span style=\"color: #0000ff\"><strong>3. dan &#8211; SREDA, 12. 6. 2019<\/strong><\/span><\/p>\n<p><span style=\"color: #000000\">Vro\u010de dopoldne je bilo kot nala\u0161\u010d za spust po mrzli Kolpi. Na raftingu je bila danes le prva skupina, u\u010denci v drugi pa so preizku\u0161ali zipline in plavali v reki. Popoldne je bilo namenjeno raziskovanju gozda, kjer so pri\u0161la na vrsto na\u0161a \u010dutila pa tudi ro\u010dne in graditeljske spretnosti. Ker imajo nekateri \u0161e &#8220;\u0161olske dolgove&#8221;, so po ve\u010derji utrjevali angle\u0161\u010dino, dan pa se je zaklju\u010dil z dru\u017eabnimi igrami na igri\u0161\u010du.<\/span><\/p>\nngg_shortcode_3_placeholder\n<p><span style=\"color: #0000ff\"><strong>4. dan &#8211; \u010cETRTEK, 13. 6. 2019<\/strong><\/span><\/p>\n<p>Tudi danes smo raftali in se kopali, nekateri pa se vozili po &#8220;zajli&#8221;. Popoldne smo v bli\u017enjem gozdu postavljali bivake in si nad ognjem spekli klobase. Zabavno bo tudi zve\u010der, ko se bodo predstavile posamezne sobe.<\/p>\n<p>S tem zapisom kon\u010dujemo fotoreporta\u017eo iz leto\u0161nje \u0161ole v naravi. Vseeno pa jutri na spletni strani ne pozabite preveriti, kdaj to\u010dno se vrnemo. Se vidimo v Poljanah!<\/p>\n<p>O dosedanjem dogajanju sta <em><strong>Lena P. in Iza<\/strong> <\/em>napisali pesmico:<\/p>\n<p><span style=\"color: #0000ff\"><em>PONEDELJEK<\/em><\/span><\/p>\n<p>V \u0161olo v naravi smo \u0161li,<br \/>\nda bi kaj novega izvedeli.<br \/>\nKo v Faro smo prispeli,<br \/>\nsmo v sobe odhiteli.<br \/>\nLa\u010dni smo postali,<br \/>\npo kosilu pa \u0161li k slapu<br \/>\nne da bi se peljali.<br \/>\nSlap Ne\u017eica se imenuje,<br \/>\nvendar njeno truplo v bli\u017enjem grobu<br \/>\nne domuje.<br \/>\nK ve\u010derji z nasmehom smo od\u0161li,<br \/>\nsaj utrujeni smo bili<br \/>\nod vseh aktivnosti.<\/p>\n<p><span style=\"color: #0000ff\"><em>TOREK<\/em><\/span><\/p>\n<p>V torek do vise\u010dega mostu smo od\u0161li,<br \/>\nda bi morda migrante sre\u010dali.<br \/>\nKolpa \u010dista je bila<br \/>\nin mi veseli do neba.<br \/>\nPo kosilu v adrenalinski park smo od\u0161li,<br \/>\nkjer smo se trudili skoraj do no\u010di.<\/p>\n<p><span style=\"color: #0000ff\"><em>SREDA<\/em><\/span><\/p>\n<p>Nekateri smo od\u0161li na rafting,<br \/>\ndrugi na zipline<br \/>\nin oboje bilo je res fajn.<br \/>\nV gozdu smo nato \u017eivalske sledi iskali,<br \/>\nda bi \u017eivali prepoznali.<br \/>\nPo ve\u010derji dru\u017eabne igre smo imeli,<br \/>\n\u0161tafeto smo tekli kot ponoreli.<\/p>\n<p><span style=\"color: #0000ff\"><em>\u010cETRTEK<\/em><\/span><\/p>\n<p>Dopoldne smo zopet imeli rafting in zipline<br \/>\nin zopet bilo je res fajn.<br \/>\nPopoldne kurili smo ogenj in delali bivak,<br \/>\npri fla\u0161i resnice osramotil se je prav vsak.<br \/>\nProti ve\u010deru predstavili smo sobe,<br \/>\nsaj \u0161ola v naravi bo kmalu \u0161la po gobe.<br \/>\nZve\u010der smo plesali in z veseljem zaspali.<\/p>\nngg_shortcode_4_placeholder\n<div style=\"width: 887px;\" class=\"wp-video\"><video class=\"wp-video-shortcode\" id=\"video-13907-1\" width=\"887\" height=\"499\" preload=\"metadata\" controls=\"controls\"><source type=\"video\/mp4\" src=\"http:\/\/sola-poljane.splet.arnes.si\/files\/2019\/06\/VID_20190613_114020.mp4?_=1\" \/><a href=\"http:\/\/sola-poljane.splet.arnes.si\/files\/2019\/06\/VID_20190613_114020.mp4\">http:\/\/sola-poljane.splet.arnes.si\/files\/2019\/06\/VID_20190613_114020.mp4<\/a><\/video><\/div>\n","protected":false},"excerpt":{"rendered":"<p>&nbsp; 1. dan\u00a0\u2013 PONEDELJEK, 10. 6. 2019 Sre\u010dno smo prispeli, [&hellip;]<\/p>\n","protected":false},"author":56163,"featured_media":14009,"comment_status":"closed","ping_status":"open","sticky":false,"template":"","format":"standard","meta":{"ngg_post_thumbnail":0,"footnotes":""},"categories":[15,55],"tags":[],"class_list":["post-13907","post","type-post","status-publish","format-standard","has-post-thumbnail","hentry","category-dnevi-dejavnosti-2-triada","category-dogajanje"],"_links":{"self":[{"href":"https:\/\/sola-poljane.splet.arnes.si\/index.php?rest_route=\/wp\/v2\/posts\/13907","targetHints":{"allow":["GET"]}}],"collection":[{"href":"https:\/\/sola-poljane.splet.arnes.si\/index.php?rest_route=\/wp\/v2\/posts"}],"about":[{"href":"https:\/\/sola-poljane.splet.arnes.si\/index.php?rest_route=\/wp\/v2\/types\/post"}],"author":[{"embeddable":true,"href":"https:\/\/sola-poljane.splet.arnes.si\/index.php?rest_route=\/wp\/v2\/users\/56163"}],"replies":[{"embeddable":true,"href":"https:\/\/sola-poljane.splet.arnes.si\/index.php?rest_route=%2Fwp%2Fv2%2Fcomments&post=13907"}],"version-history":[{"count":28,"href":"https:\/\/sola-poljane.splet.arnes.si\/index.php?rest_route=\/wp\/v2\/posts\/13907\/revisions"}],"predecessor-version":[{"id":14067,"href":"https:\/\/sola-poljane.splet.arnes.si\/index.php?rest_route=\/wp\/v2\/posts\/13907\/revisions\/14067"}],"wp:featuredmedia":[{"embeddable":true,"href":"https:\/\/sola-poljane.splet.arnes.si\/index.php?rest_route=\/wp\/v2\/media\/14009"}],"wp:attachment":[{"href":"https:\/\/sola-poljane.splet.arnes.si\/index.php?rest_route=%2Fwp%2Fv2%2Fmedia&parent=13907"}],"wp:term":[{"taxonomy":"category","embeddable":true,"href":"https:\/\/sola-poljane.splet.arnes.si\/index.php?rest_route=%2Fwp%2Fv2%2Fcategories&post=13907"},{"taxonomy":"post_tag","embeddable":true,"href":"https:\/\/sola-poljane.splet.arnes.si\/index.php?rest_route=%2Fwp%2Fv2%2Ftags&post=13907"}],"curies":[{"name":"wp","href":"https:\/\/api.w.org\/{rel}","templated":true}]}}