{"id":13897,"date":"2019-06-06T16:21:03","date_gmt":"2019-06-06T14:21:03","guid":{"rendered":"http:\/\/sola-poljane.splet.arnes.si\/?p=13897"},"modified":"2020-09-07T13:42:40","modified_gmt":"2020-09-07T11:42:40","slug":"podrocno-tekmovanje-v-atletiki-2","status":"publish","type":"post","link":"https:\/\/sola-poljane.splet.arnes.si\/?p=13897","title":{"rendered":"Podro\u010dno tekmovanje v atletiki"},"content":{"rendered":"<p>Podro\u010dno tekmovanje je potekalo v Kranju v \u010detrtek, 30. maja. Kot je letos \u017ee stalnica, nam je tudi tokrat nagajalo vreme. Rahel de\u017e je oviral tekmovalce, zaradi neprimernih pogojev je bilo tekmovanje v skoku v vi\u0161ino odpovedano.<\/p>\n<p>Na\u0161e u\u010denke in u\u010denci so sodelovali v naslednjih disciplinah in se odrezali takole:<\/p>\n<p><span style=\"color: #0000ff\">TINKARA KREK\u00a0 \u2013 tek na 300 metrov \u2013 3. mesto<\/span><\/p>\n<p><span style=\"color: #0000ff\">ANJA LUZNAR \u2013 tek na 1000 metrov \u2013 8. mesto<\/span><\/p>\n<p><span style=\"color: #0000ff\">DAVID DERLINK \u2013 tek na 300 metrov \u2013 10. mesto<\/span><\/p>\n<p><span style=\"color: #0000ff\">MOJCA KRAJNIK \u2013 met vorteksa \u2013 18. mesto<\/span><\/p>\n<p><span style=\"color: #0000ff\">ALJA\u017d BOHINC \u2013 skok v vi\u0161ino (odpovedan)<\/span><\/p>\n<p>&nbsp;<\/p>\n<p><em><strong>U\u010ditelj ALE\u0160 MRAK<\/strong><\/em><\/p>\n<p>&nbsp;<\/p>\nngg_shortcode_0_placeholder\n","protected":false},"excerpt":{"rendered":"<p>Podro\u010dno tekmovanje je potekalo v Kranju v \u010detrtek, 30. maja. [&hellip;]<\/p>\n","protected":false},"author":56163,"featured_media":13901,"comment_status":"closed","ping_status":"open","sticky":false,"template":"","format":"standard","meta":{"ngg_post_thumbnail":0,"footnotes":""},"categories":[55,59],"tags":[],"class_list":["post-13897","post","type-post","status-publish","format-standard","has-post-thumbnail","hentry","category-dogajanje","category-sportna-tekmovanja"],"_links":{"self":[{"href":"https:\/\/sola-poljane.splet.arnes.si\/index.php?rest_route=\/wp\/v2\/posts\/13897","targetHints":{"allow":["GET"]}}],"collection":[{"href":"https:\/\/sola-poljane.splet.arnes.si\/index.php?rest_route=\/wp\/v2\/posts"}],"about":[{"href":"https:\/\/sola-poljane.splet.arnes.si\/index.php?rest_route=\/wp\/v2\/types\/post"}],"author":[{"embeddable":true,"href":"https:\/\/sola-poljane.splet.arnes.si\/index.php?rest_route=\/wp\/v2\/users\/56163"}],"replies":[{"embeddable":true,"href":"https:\/\/sola-poljane.splet.arnes.si\/index.php?rest_route=%2Fwp%2Fv2%2Fcomments&post=13897"}],"version-history":[{"count":2,"href":"https:\/\/sola-poljane.splet.arnes.si\/index.php?rest_route=\/wp\/v2\/posts\/13897\/revisions"}],"predecessor-version":[{"id":13903,"href":"https:\/\/sola-poljane.splet.arnes.si\/index.php?rest_route=\/wp\/v2\/posts\/13897\/revisions\/13903"}],"wp:featuredmedia":[{"embeddable":true,"href":"https:\/\/sola-poljane.splet.arnes.si\/index.php?rest_route=\/wp\/v2\/media\/13901"}],"wp:attachment":[{"href":"https:\/\/sola-poljane.splet.arnes.si\/index.php?rest_route=%2Fwp%2Fv2%2Fmedia&parent=13897"}],"wp:term":[{"taxonomy":"category","embeddable":true,"href":"https:\/\/sola-poljane.splet.arnes.si\/index.php?rest_route=%2Fwp%2Fv2%2Fcategories&post=13897"},{"taxonomy":"post_tag","embeddable":true,"href":"https:\/\/sola-poljane.splet.arnes.si\/index.php?rest_route=%2Fwp%2Fv2%2Ftags&post=13897"}],"curies":[{"name":"wp","href":"https:\/\/api.w.org\/{rel}","templated":true}]}}