{"id":13889,"date":"2019-06-06T05:44:49","date_gmt":"2019-06-06T03:44:49","guid":{"rendered":"http:\/\/sola-poljane.splet.arnes.si\/?p=13889"},"modified":"2020-09-07T13:42:40","modified_gmt":"2020-09-07T11:42:40","slug":"cebelji-dan-v-1-razredu","status":"publish","type":"post","link":"https:\/\/sola-poljane.splet.arnes.si\/?p=13889","title":{"rendered":"\u010cebelji dan v 1. razredu"},"content":{"rendered":"<p style=\"text-align: center\"><em><strong><span style=\"color: #ff6600\">\u010crtasta sraj\u010dka<\/span><\/strong><\/em><br \/>\n<em><strong><span style=\"color: #ff6600\"> in drobcena krila<\/span><\/strong><\/em><br \/>\n<em><strong><span style=\"color: #ff6600\"> v lon\u010dek iz voska<\/span><\/strong><\/em><br \/>\n<em><strong><span style=\"color: #ff6600\"> bo med nato\u010dila.<\/span><\/strong><\/em><\/p>\n<p>&nbsp;<\/p>\n<p>Pridna delavka iz zgornje uganke je u\u010dencem 1. razreda pri\u010darala prijetno torkovo dopoldne. V podjetju Medex smo izvedeli veliko novega o \u010debelah, Hoferjev raziskovalni \u010debelnjak pa nam je odkril njeno pomembno vlogo v \u017eivalskem in nenazadnje tudi v \u010dlove\u0161kem svetu.<\/p>\n<p>&nbsp;<\/p>\nngg_shortcode_0_placeholder\n<p>&nbsp;<\/p>\n<p>&nbsp;<\/p>\n","protected":false},"excerpt":{"rendered":"<p>\u010crtasta sraj\u010dka in drobcena krila v lon\u010dek iz voska bo [&hellip;]<\/p>\n","protected":false},"author":56163,"featured_media":13893,"comment_status":"closed","ping_status":"open","sticky":false,"template":"","format":"standard","meta":{"ngg_post_thumbnail":0,"footnotes":""},"categories":[7,55],"tags":[],"class_list":["post-13889","post","type-post","status-publish","format-standard","has-post-thumbnail","hentry","category-dnevi-dejavnosti","category-dogajanje"],"_links":{"self":[{"href":"https:\/\/sola-poljane.splet.arnes.si\/index.php?rest_route=\/wp\/v2\/posts\/13889","targetHints":{"allow":["GET"]}}],"collection":[{"href":"https:\/\/sola-poljane.splet.arnes.si\/index.php?rest_route=\/wp\/v2\/posts"}],"about":[{"href":"https:\/\/sola-poljane.splet.arnes.si\/index.php?rest_route=\/wp\/v2\/types\/post"}],"author":[{"embeddable":true,"href":"https:\/\/sola-poljane.splet.arnes.si\/index.php?rest_route=\/wp\/v2\/users\/56163"}],"replies":[{"embeddable":true,"href":"https:\/\/sola-poljane.splet.arnes.si\/index.php?rest_route=%2Fwp%2Fv2%2Fcomments&post=13889"}],"version-history":[{"count":2,"href":"https:\/\/sola-poljane.splet.arnes.si\/index.php?rest_route=\/wp\/v2\/posts\/13889\/revisions"}],"predecessor-version":[{"id":13895,"href":"https:\/\/sola-poljane.splet.arnes.si\/index.php?rest_route=\/wp\/v2\/posts\/13889\/revisions\/13895"}],"wp:featuredmedia":[{"embeddable":true,"href":"https:\/\/sola-poljane.splet.arnes.si\/index.php?rest_route=\/wp\/v2\/media\/13893"}],"wp:attachment":[{"href":"https:\/\/sola-poljane.splet.arnes.si\/index.php?rest_route=%2Fwp%2Fv2%2Fmedia&parent=13889"}],"wp:term":[{"taxonomy":"category","embeddable":true,"href":"https:\/\/sola-poljane.splet.arnes.si\/index.php?rest_route=%2Fwp%2Fv2%2Fcategories&post=13889"},{"taxonomy":"post_tag","embeddable":true,"href":"https:\/\/sola-poljane.splet.arnes.si\/index.php?rest_route=%2Fwp%2Fv2%2Ftags&post=13889"}],"curies":[{"name":"wp","href":"https:\/\/api.w.org\/{rel}","templated":true}]}}