{"id":13811,"date":"2019-05-21T12:33:44","date_gmt":"2019-05-21T10:33:44","guid":{"rendered":"http:\/\/sola-poljane.splet.arnes.si\/?p=13811"},"modified":"2020-09-07T13:42:40","modified_gmt":"2020-09-07T11:42:40","slug":"bicikl-2019","status":"publish","type":"post","link":"https:\/\/sola-poljane.splet.arnes.si\/?p=13811","title":{"rendered":"Bicikl 2019"},"content":{"rendered":"<p>V torek, 14. maja, smo u\u010ditelji, delavci, u\u010denke in u\u010denci O\u0160 Poljane \u017ee \u0161tirinajsti\u010d zapored pripravili \u00a0tekmovanje s kolesi \u2013\u00a0<strong>\u00bbKaj ve\u0161 o prometu\u00ab oziroma \u00bbBICIKL 2019\u00ab.<\/strong><\/p>\n<p>Starej\u0161i kolesarji so tekmovali <strong>na ob\u010dinskem prvenstvu<\/strong>, mlaj\u0161i kolesarji, 5. razred, ki so pravkar opravili kolesarski izpit, pa v svoji kategoriji, a z enakimi nalogami.<br \/>\nNajprej so pokazali svoje poznavanje cestnoprometnih predpisov. Prakti\u010dni del so opravljali z vo\u017enjo po poljanskih ulicah, svoje kolesarske spretnosti pa so na koncu prikazali \u0161e na spretnostnem poligonu.<\/p>\n<p>Tekmovanje vedno pomagajo izpeljati\u00a0<strong><u>SPVCP Ob\u010dine Gorenja vas \u2013 Poljane, Avto\u0161ola PRAKTIKUM in O\u0160 Poljane<\/u><\/strong>.<\/p>\n<p>Na leto\u0161njem BICIKLU je nastopilo 50 tekmovalcev iz obeh osnovnih ter podru\u017eni\u010dnih \u0161ol na\u0161e ob\u010dine \u2013 8 u\u010dencev 5. razreda iz podru\u017enic, 25 u\u010dencev 5. razreda mati\u010dnih \u0161ol ter 17 u\u010dencev od 6. do 9. razreda.<\/p>\n<p>Ob\u010dinska prvakinja je znova postala\u00a0na\u0161a u\u010denka <strong>Anja Luznar<\/strong>, ki 25. maja potuje na dr\u017eavno tekmovanje \u00bbKAJ VE\u0160 O PROMETU 2019\u00ab v Mislinjo.<\/p>\n<p><a href=\"http:\/\/sola-poljane.splet.arnes.si\/files\/2019\/05\/Bicikl-2019-rezultati-5r_PODRU\u017dNICE.pdf\">Bicikl 2019-rezultati 5r_PODRU\u017dNICE<\/a><\/p>\n<p><a href=\"http:\/\/sola-poljane.splet.arnes.si\/files\/2019\/05\/Bicikl-2019-rezultati-5r.pdf\">Bicikl 2019-rezultati 5r<\/a><\/p>\n<p><a href=\"http:\/\/sola-poljane.splet.arnes.si\/files\/2019\/05\/Bicikl-2019-rezultati_6-do-9.-razred.pdf\">Bicikl 2019-rezultati_6 do 9. razred<\/a><\/p>\n<p>&nbsp;<\/p>\nngg_shortcode_0_placeholder\n","protected":false},"excerpt":{"rendered":"<p>V torek, 14. maja, smo u\u010ditelji, delavci, u\u010denke in u\u010denci [&hellip;]<\/p>\n","protected":false},"author":56163,"featured_media":13825,"comment_status":"closed","ping_status":"open","sticky":false,"template":"","format":"standard","meta":{"ngg_post_thumbnail":0,"footnotes":""},"categories":[35,39,55,59],"tags":[],"class_list":["post-13811","post","type-post","status-publish","format-standard","has-post-thumbnail","hentry","category-2-triletje","category-3-triletje","category-dogajanje","category-sportna-tekmovanja"],"_links":{"self":[{"href":"https:\/\/sola-poljane.splet.arnes.si\/index.php?rest_route=\/wp\/v2\/posts\/13811","targetHints":{"allow":["GET"]}}],"collection":[{"href":"https:\/\/sola-poljane.splet.arnes.si\/index.php?rest_route=\/wp\/v2\/posts"}],"about":[{"href":"https:\/\/sola-poljane.splet.arnes.si\/index.php?rest_route=\/wp\/v2\/types\/post"}],"author":[{"embeddable":true,"href":"https:\/\/sola-poljane.splet.arnes.si\/index.php?rest_route=\/wp\/v2\/users\/56163"}],"replies":[{"embeddable":true,"href":"https:\/\/sola-poljane.splet.arnes.si\/index.php?rest_route=%2Fwp%2Fv2%2Fcomments&post=13811"}],"version-history":[{"count":3,"href":"https:\/\/sola-poljane.splet.arnes.si\/index.php?rest_route=\/wp\/v2\/posts\/13811\/revisions"}],"predecessor-version":[{"id":13827,"href":"https:\/\/sola-poljane.splet.arnes.si\/index.php?rest_route=\/wp\/v2\/posts\/13811\/revisions\/13827"}],"wp:featuredmedia":[{"embeddable":true,"href":"https:\/\/sola-poljane.splet.arnes.si\/index.php?rest_route=\/wp\/v2\/media\/13825"}],"wp:attachment":[{"href":"https:\/\/sola-poljane.splet.arnes.si\/index.php?rest_route=%2Fwp%2Fv2%2Fmedia&parent=13811"}],"wp:term":[{"taxonomy":"category","embeddable":true,"href":"https:\/\/sola-poljane.splet.arnes.si\/index.php?rest_route=%2Fwp%2Fv2%2Fcategories&post=13811"},{"taxonomy":"post_tag","embeddable":true,"href":"https:\/\/sola-poljane.splet.arnes.si\/index.php?rest_route=%2Fwp%2Fv2%2Ftags&post=13811"}],"curies":[{"name":"wp","href":"https:\/\/api.w.org\/{rel}","templated":true}]}}